{"id":25976,"date":"2024-07-08T12:10:58","date_gmt":"2024-07-08T10:10:58","guid":{"rendered":"https:\/\/berndluz.de\/?p=25976"},"modified":"2024-09-10T16:58:44","modified_gmt":"2024-09-10T14:58:44","slug":"vox-artcar","status":"publish","type":"post","link":"https:\/\/berndluz.de\/en\/vox-artcar\/","title":{"rendered":"Vox Art Car"},"content":{"rendered":"<div class=\"wpb-content-wrapper\"><p>[vc_row][vc_column width=&#8221;1\/6&#8243;][\/vc_column][vc_column width=&#8221;2\/3&#8243;][vc_single_image image=&#8221;25967&#8243; img_size=&#8221;full&#8221; alignment=&#8221;center&#8221; css_animation=&#8221;appear&#8221; css=&#8221;&#8221;][vc_custom_heading text=&#8221;ArtCar McLaren \u2013 Art on Wheels&#8221; font_container=&#8221;tag:h1|font_size:48px|text_align:center&#8221; google_fonts=&#8221;font_family:Lobster%3Aregular|font_style:400%20regular%3A400%3Anormal&#8221; css=&#8221;&#8221;][vc_separator color=&#8221;custom&#8221; border_width=&#8221;7&#8243; el_width=&#8221;10&#8243; css=&#8221;.vc_custom_1461334391720{margin-top: 5px !important;border-top-width: 5px !important;padding-top: 5px !important;}&#8221; accent_color=&#8221;#fe9306&#8243;][vc_column_text css=&#8221;&#8221;]<\/p>\n<p class=\"p1\">Fahrzeug oder doch Kunst? <span class=\"s1\">\u2013 <\/span>ArtCars stellen eine weniger bekannte k\u00fcnstlerische Entfaltungsform dar. Diese geht mit dem heutigen Geist der Zeit, in der immer neue M\u00f6glichkeiten und in erster Linie Oberfl\u00e4chen f\u00fcr gestalterische Umsetzungen gesucht werden. Auch Bernd Luz ist auf diesem Gebiet kein Neuling. Nach der Umwandlung eines BMW i8 in ein ArtCar, den \u201eiGlacier\u201c und den De Tomaso in den \u201eG\u00f6tterfunken\u201c, folgt nun das abstrakte Werk \u201eOceanpulse\u201c, das auf einen McLaren 765LT \u00fcbertragen wird. Dieser Entstehungsprozess wird von der TV-Sendung <span class=\"s2\"><i>auto mobil &#8211; das VOX-Automagazin, <\/i>moderiert und begleitet vom deutschen Rennfahrer und Automobiljournalisten Lance David Arnold.<\/span><\/p>\n<p>&nbsp;<\/p>\n<p class=\"p1\"><span class=\"s2\">Eine weitere Leidenschaft von Bernd Luz \u2013 neben der Kunst \u2013 stellt die Leidenschaft f\u00fcr Fahrzeuge und insbesondere Sportwagen dar. Dementsprechend ist es naheliegend, dass sein Freund Siegbert \u201eSigi\u201c M\u00fcller, Gr\u00fcnder der Firma Carbon GmbH, den K\u00fcnstler bittet seinen De Tomaso und anschlie\u00dfend auch seinen McLaren 765LT in ArtCars zu verwandeln.<\/span><\/p>\n<p>&nbsp;<\/p>\n<p class=\"p1\"><span class=\"s2\">Der Gestaltungsprozess der beiden ArtCars \u201eG\u00f6tterfunke\u201c und \u201eOceanpulse\u201c beginnt mit dem Malen der abstrakten Werke in Bernd Luz\u2019 Kunstatelier, die der Kunstschaffende eigens f\u00fcr diese Projekte entwirft. Anschlie\u00dfend werden Ausschnitte der Kunstwerke auf die jeweiligen Autofl\u00e4chen reproduziert und bei der Firma Carbon auf die Wagen \u00fcbertragen. W\u00e4hrend der De Tomaso bereits vor der Ankunft des Fernsehteams vollendet wurde, k\u00f6nnen Lance Arnold und das TV-Team von <i>VOX <\/i>die Entstehung des McLaren als ArtCar \u201eOceanpulse\u201c Schritt f\u00fcr Schritt, von der Entstehung im Atelier bis zur Fertigstellung bei Carbon, filmen und vor allem hautnah miterleben.<span class=\"Apple-converted-space\">\u00a0<\/span><\/span><\/p>\n<p>&nbsp;<\/p>\n<p class=\"p3\">Wie stabil die \u00fcbertragenen Kunstwerke sind und ob sie auch Geschwindigkeiten jenseits der 250 km\/h aushalten, testen Lance Arnold im De Tomaso und der Besitzer Sigi M\u00fcller im McLaren schlie\u00dflich mit einem freundschaftlichen Rennen auf der Landebahn eines gemieteten Flugplatzes in Bernd Luz\u2019 Heimatort.<\/p>\n<p>[\/vc_column_text][\/vc_column][vc_column width=&#8221;1\/6&#8243;][\/vc_column][\/vc_row][vc_row][vc_column width=&#8221;1\/6&#8243;][\/vc_column][vc_column width=&#8221;2\/3&#8243;][vc_column_text css=&#8221;&#8221;]<\/p>\n<h3 class=\"p1\" style=\"text-align: center;\">First shooting day in the atelier<\/h3>\n<p>[\/vc_column_text][vc_single_image image=&#8221;26211&#8243; img_size=&#8221;full&#8221; css=&#8221;&#8221;][\/vc_column][vc_column width=&#8221;1\/6&#8243;][\/vc_column][\/vc_row][vc_row][vc_column width=&#8221;1\/2&#8243;][vc_single_image image=&#8221;26036&#8243; img_size=&#8221;full&#8221; css=&#8221;.vc_custom_1720449374893{margin-bottom: 0px !important;}&#8221;][vc_column_text css=&#8221;.vc_custom_1720449271725{margin-top: 0px !important;margin-bottom: 35px !important;border-top-width: -50px !important;padding-top: 0px !important;}&#8221;]<\/p>\n<p class=\"p1\" style=\"text-align: center;\">Lance David Arnold besucht Bernd Luz<\/p>\n<p>[\/vc_column_text][\/vc_column][vc_column width=&#8221;1\/2&#8243;][vc_single_image image=&#8221;26032&#8243; img_size=&#8221;full&#8221; css=&#8221;.vc_custom_1720449398112{margin-bottom: 0px !important;}&#8221;][vc_column_text css=&#8221;&#8221;]<\/p>\n<p class=\"p1\" style=\"text-align: center;\">Mit dem Bild im Mustang zu Sigi M\u00fcller<\/p>\n<p>[\/vc_column_text][\/vc_column][\/vc_row][vc_row][vc_column width=&#8221;1\/4&#8243;][\/vc_column][vc_column width=&#8221;1\/2&#8243;][vc_column_text css=&#8221;.vc_custom_1720449333879{margin-bottom: 0px !important;}&#8221;]<\/p>\n<h3 class=\"p1\" style=\"text-align: center;\">\u00dcbertragung des Kunstwerks auf den McLaren<\/h3>\n<p>[\/vc_column_text][\/vc_column][vc_column width=&#8221;1\/4&#8243;][\/vc_column][\/vc_row][vc_row][vc_column width=&#8221;1\/2&#8243;][vc_single_image image=&#8221;26060&#8243; img_size=&#8221;full&#8221; css=&#8221;&#8221;][vc_single_image image=&#8221;26052&#8243; img_size=&#8221;full&#8221; css=&#8221;&#8221;][\/vc_column][vc_column width=&#8221;1\/2&#8243;][vc_single_image image=&#8221;26056&#8243; img_size=&#8221;full&#8221; css=&#8221;&#8221;][vc_single_image image=&#8221;26048&#8243; img_size=&#8221;full&#8221; css=&#8221;&#8221;][\/vc_column][\/vc_row][vc_row][vc_column width=&#8221;1\/6&#8243;][\/vc_column][vc_column width=&#8221;2\/3&#8243;][vc_column_text css=&#8221;&#8221;]<\/p>\n<h3 class=\"p1\" style=\"text-align: center;\">Vorstellung der Artcars und Testfahrten auf der Landebahn eines Flugplatzes<\/h3>\n<p>[\/vc_column_text][vc_single_image image=&#8221;26069&#8243; img_size=&#8221;full&#8221; css=&#8221;&#8221;][\/vc_column][vc_column width=&#8221;1\/6&#8243;][\/vc_column][\/vc_row][vc_row][vc_column width=&#8221;1\/3&#8243;][vc_single_image image=&#8221;26187&#8243; img_size=&#8221;full&#8221; css=&#8221;&#8221;][vc_single_image image=&#8221;26200&#8243; img_size=&#8221;full&#8221; css=&#8221;&#8221;][vc_single_image image=&#8221;26191&#8243; img_size=&#8221;full&#8221; css=&#8221;&#8221;][\/vc_column][vc_column width=&#8221;1\/3&#8243;][vc_single_image image=&#8221;26112&#8243; img_size=&#8221;full&#8221; css=&#8221;&#8221;][vc_single_image image=&#8221;26116&#8243; img_size=&#8221;full&#8221; css=&#8221;&#8221;][vc_single_image image=&#8221;26195&#8243; img_size=&#8221;full&#8221; css=&#8221;&#8221;][\/vc_column][vc_column width=&#8221;1\/3&#8243;][vc_single_image image=&#8221;26104&#8243; img_size=&#8221;full&#8221; css=&#8221;&#8221;][vc_single_image image=&#8221;26108&#8243; img_size=&#8221;full&#8221; css=&#8221;&#8221;][vc_single_image image=&#8221;26120&#8243; img_size=&#8221;full&#8221; css=&#8221;&#8221;][\/vc_column][\/vc_row][vc_row][vc_column][vc_column_text css=&#8221;&#8221;]<\/p>\n<p class=\"p1\" style=\"text-align: center;\"><a href=\"https:\/\/berndluz.de\/en\/artcar-goetterfunke-de-tomaso\/\">&gt; Hier mehr zum ArtCar \u201eG\u00f6tterfunke\u201c<\/a><\/p>\n<h1 class=\"vc_custom_heading vc_do_custom_heading\"><\/h1>\n<p>[\/vc_column_text][vc_separator color=&#8221;custom&#8221; border_width=&#8221;2&#8243; css=&#8221;&#8221; accent_color=&#8221;#fe9036&#8243;][\/vc_column][\/vc_row]<\/p>\n<\/div>","protected":false},"excerpt":{"rendered":"<p>[vc_row][vc_column width=&#8221;1\/6&#8243;][\/vc_column][vc_column width=&#8221;2\/3&#8243;][vc_single_image image=&#8221;25967&#8243; img_size=&#8221;full&#8221; alignment=&#8221;center&#8221; css_animation=&#8221;appear&#8221; css=&#8221;&#8221;][vc_custom_heading text=&#8221;ArtCar McLaren \u2013 Art on Wheels&#8221; font_container=&#8221;tag:h1|font_size:48px|text_align:center&#8221; google_fonts=&#8221;font_family:Lobster%3Aregular|font_style:400%20regular%3A400%3Anormal&#8221; css=&#8221;&#8221;][vc_separator color=&#8221;custom&#8221; border_width=&#8221;7&#8243; el_width=&#8221;10&#8243; css=&#8221;.vc_custom_1461334391720{margin-top: 5px !important;border-top-width: 5px !important;padding-top: 5px !important;}&#8221; accent_color=&#8221;#fe9306&#8243;][vc_column_text css=&#8221;&#8221;] Fahrzeug oder doch Kunst? \u2013 ArtCars stellen eine weniger bekannte k\u00fcnstlerische Entfaltungsform dar. Diese geht mit dem heutigen Geist der Zeit, in der immer neue M\u00f6glichkeiten [&hellip;]<\/p>\n","protected":false},"author":2,"featured_media":25972,"comment_status":"open","ping_status":"open","sticky":false,"template":"","format":"standard","meta":{"footnotes":""},"categories":[170],"tags":[],"class_list":["post-25976","post","type-post","status-publish","format-standard","has-post-thumbnail","hentry","category-tv-presse-en"],"yoast_head":"<!-- This site is optimized with the Yoast SEO plugin v26.8 - https:\/\/yoast.com\/product\/yoast-seo-wordpress\/ -->\n<title>VOX ArtCar - McLaren 765 LT - Oceanpulse - Bernd Luz<\/title>\n<meta name=\"description\" content=\"The TV channel VOX accompanies the artist Bernd Luz in the creation of an ArtCar McLaren 765 LT with the title \u201cOceanpulse\u201d.\" \/>\n<meta name=\"robots\" content=\"index, follow, max-snippet:-1, max-image-preview:large, max-video-preview:-1\" \/>\n<link rel=\"canonical\" href=\"https:\/\/berndluz.de\/en\/vox-artcar\/\" \/>\n<meta property=\"og:locale\" content=\"en_US\" \/>\n<meta property=\"og:type\" content=\"article\" \/>\n<meta property=\"og:title\" content=\"VOX ArtCar - McLaren 765 LT - Oceanpulse - Bernd Luz\" \/>\n<meta property=\"og:description\" content=\"The TV channel VOX accompanies the artist Bernd Luz in the creation of an ArtCar McLaren 765 LT with the title \u201cOceanpulse\u201d.\" \/>\n<meta property=\"og:url\" content=\"https:\/\/berndluz.de\/en\/vox-artcar\/\" \/>\n<meta property=\"og:site_name\" content=\"Bernd Luz\" \/>\n<meta property=\"article:published_time\" content=\"2024-07-08T10:10:58+00:00\" \/>\n<meta property=\"article:modified_time\" content=\"2024-09-10T14:58:44+00:00\" \/>\n<meta property=\"og:image\" content=\"https:\/\/berndluz.de\/wp-content\/uploads\/2024\/07\/ArtCar24-Bernd-04-560x370-1.jpg\" \/>\n\t<meta property=\"og:image:width\" content=\"560\" \/>\n\t<meta property=\"og:image:height\" content=\"370\" \/>\n\t<meta property=\"og:image:type\" content=\"image\/jpeg\" \/>\n<meta name=\"author\" content=\"Revoluzion\" \/>\n<meta name=\"twitter:card\" content=\"summary_large_image\" \/>\n<meta name=\"twitter:label1\" content=\"Written by\" \/>\n\t<meta name=\"twitter:data1\" content=\"Revoluzion\" \/>\n\t<meta name=\"twitter:label2\" content=\"Est. reading time\" \/>\n\t<meta name=\"twitter:data2\" content=\"3 minutes\" \/>\n<script type=\"application\/ld+json\" class=\"yoast-schema-graph\">{\"@context\":\"https:\/\/schema.org\",\"@graph\":[{\"@type\":\"Article\",\"@id\":\"https:\/\/berndluz.de\/en\/vox-artcar\/#article\",\"isPartOf\":{\"@id\":\"https:\/\/berndluz.de\/en\/vox-artcar\/\"},\"author\":{\"name\":\"Revoluzion\",\"@id\":\"https:\/\/berndluz.de\/en\/#\/schema\/person\/5dd386423e5c800835498d11da856d2a\"},\"headline\":\"Vox Art Car\",\"datePublished\":\"2024-07-08T10:10:58+00:00\",\"dateModified\":\"2024-09-10T14:58:44+00:00\",\"mainEntityOfPage\":{\"@id\":\"https:\/\/berndluz.de\/en\/vox-artcar\/\"},\"wordCount\":774,\"commentCount\":0,\"image\":{\"@id\":\"https:\/\/berndluz.de\/en\/vox-artcar\/#primaryimage\"},\"thumbnailUrl\":\"https:\/\/berndluz.de\/wp-content\/uploads\/2024\/07\/ArtCar24-Bernd-04-560x370-1.jpg\",\"articleSection\":[\"TV \/ PRESS \/ MOVIE\"],\"inLanguage\":\"en-US\",\"potentialAction\":[{\"@type\":\"CommentAction\",\"name\":\"Comment\",\"target\":[\"https:\/\/berndluz.de\/en\/vox-artcar\/#respond\"]}]},{\"@type\":\"WebPage\",\"@id\":\"https:\/\/berndluz.de\/en\/vox-artcar\/\",\"url\":\"https:\/\/berndluz.de\/en\/vox-artcar\/\",\"name\":\"VOX ArtCar - McLaren 765 LT - Oceanpulse - Bernd Luz\",\"isPartOf\":{\"@id\":\"https:\/\/berndluz.de\/en\/#website\"},\"primaryImageOfPage\":{\"@id\":\"https:\/\/berndluz.de\/en\/vox-artcar\/#primaryimage\"},\"image\":{\"@id\":\"https:\/\/berndluz.de\/en\/vox-artcar\/#primaryimage\"},\"thumbnailUrl\":\"https:\/\/berndluz.de\/wp-content\/uploads\/2024\/07\/ArtCar24-Bernd-04-560x370-1.jpg\",\"datePublished\":\"2024-07-08T10:10:58+00:00\",\"dateModified\":\"2024-09-10T14:58:44+00:00\",\"author\":{\"@id\":\"https:\/\/berndluz.de\/en\/#\/schema\/person\/5dd386423e5c800835498d11da856d2a\"},\"description\":\"The TV channel VOX accompanies the artist Bernd Luz in the creation of an ArtCar McLaren 765 LT with the title \u201cOceanpulse\u201d.\",\"breadcrumb\":{\"@id\":\"https:\/\/berndluz.de\/en\/vox-artcar\/#breadcrumb\"},\"inLanguage\":\"en-US\",\"potentialAction\":[{\"@type\":\"ReadAction\",\"target\":[\"https:\/\/berndluz.de\/en\/vox-artcar\/\"]}]},{\"@type\":\"ImageObject\",\"inLanguage\":\"en-US\",\"@id\":\"https:\/\/berndluz.de\/en\/vox-artcar\/#primaryimage\",\"url\":\"https:\/\/berndluz.de\/wp-content\/uploads\/2024\/07\/ArtCar24-Bernd-04-560x370-1.jpg\",\"contentUrl\":\"https:\/\/berndluz.de\/wp-content\/uploads\/2024\/07\/ArtCar24-Bernd-04-560x370-1.jpg\",\"width\":560,\"height\":370},{\"@type\":\"BreadcrumbList\",\"@id\":\"https:\/\/berndluz.de\/en\/vox-artcar\/#breadcrumb\",\"itemListElement\":[{\"@type\":\"ListItem\",\"position\":1,\"name\":\"Startseite\",\"item\":\"https:\/\/berndluz.de\/en\/\"},{\"@type\":\"ListItem\",\"position\":2,\"name\":\"Vox Art Car\"}]},{\"@type\":\"WebSite\",\"@id\":\"https:\/\/berndluz.de\/en\/#website\",\"url\":\"https:\/\/berndluz.de\/en\/\",\"name\":\"Bernd Luz\",\"description\":\"Bernd Luz\",\"potentialAction\":[{\"@type\":\"SearchAction\",\"target\":{\"@type\":\"EntryPoint\",\"urlTemplate\":\"https:\/\/berndluz.de\/en\/?s={search_term_string}\"},\"query-input\":{\"@type\":\"PropertyValueSpecification\",\"valueRequired\":true,\"valueName\":\"search_term_string\"}}],\"inLanguage\":\"en-US\"},{\"@type\":\"Person\",\"@id\":\"https:\/\/berndluz.de\/en\/#\/schema\/person\/5dd386423e5c800835498d11da856d2a\",\"name\":\"Revoluzion\",\"image\":{\"@type\":\"ImageObject\",\"inLanguage\":\"en-US\",\"@id\":\"https:\/\/berndluz.de\/en\/#\/schema\/person\/image\/\",\"url\":\"https:\/\/secure.gravatar.com\/avatar\/2343492f6e1e115236da533a1be260045eed1a8b087bd6d0fd3e2db612598b7f?s=96&d=mm&r=g\",\"contentUrl\":\"https:\/\/secure.gravatar.com\/avatar\/2343492f6e1e115236da533a1be260045eed1a8b087bd6d0fd3e2db612598b7f?s=96&d=mm&r=g\",\"caption\":\"Revoluzion\"},\"url\":\"https:\/\/berndluz.de\/en\/author\/revoluzion\/\"}]}<\/script>\n<!-- \/ Yoast SEO plugin. -->","yoast_head_json":{"title":"VOX ArtCar - McLaren 765 LT - Oceanpulse - Bernd Luz","description":"The TV channel VOX accompanies the artist Bernd Luz in the creation of an ArtCar McLaren 765 LT with the title \u201cOceanpulse\u201d.","robots":{"index":"index","follow":"follow","max-snippet":"max-snippet:-1","max-image-preview":"max-image-preview:large","max-video-preview":"max-video-preview:-1"},"canonical":"https:\/\/berndluz.de\/en\/vox-artcar\/","og_locale":"en_US","og_type":"article","og_title":"VOX ArtCar - McLaren 765 LT - Oceanpulse - Bernd Luz","og_description":"The TV channel VOX accompanies the artist Bernd Luz in the creation of an ArtCar McLaren 765 LT with the title \u201cOceanpulse\u201d.","og_url":"https:\/\/berndluz.de\/en\/vox-artcar\/","og_site_name":"Bernd Luz","article_published_time":"2024-07-08T10:10:58+00:00","article_modified_time":"2024-09-10T14:58:44+00:00","og_image":[{"width":560,"height":370,"url":"https:\/\/berndluz.de\/wp-content\/uploads\/2024\/07\/ArtCar24-Bernd-04-560x370-1.jpg","type":"image\/jpeg"}],"author":"Revoluzion","twitter_card":"summary_large_image","twitter_misc":{"Written by":"Revoluzion","Est. reading time":"3 minutes"},"schema":{"@context":"https:\/\/schema.org","@graph":[{"@type":"Article","@id":"https:\/\/berndluz.de\/en\/vox-artcar\/#article","isPartOf":{"@id":"https:\/\/berndluz.de\/en\/vox-artcar\/"},"author":{"name":"Revoluzion","@id":"https:\/\/berndluz.de\/en\/#\/schema\/person\/5dd386423e5c800835498d11da856d2a"},"headline":"Vox Art Car","datePublished":"2024-07-08T10:10:58+00:00","dateModified":"2024-09-10T14:58:44+00:00","mainEntityOfPage":{"@id":"https:\/\/berndluz.de\/en\/vox-artcar\/"},"wordCount":774,"commentCount":0,"image":{"@id":"https:\/\/berndluz.de\/en\/vox-artcar\/#primaryimage"},"thumbnailUrl":"https:\/\/berndluz.de\/wp-content\/uploads\/2024\/07\/ArtCar24-Bernd-04-560x370-1.jpg","articleSection":["TV \/ PRESS \/ MOVIE"],"inLanguage":"en-US","potentialAction":[{"@type":"CommentAction","name":"Comment","target":["https:\/\/berndluz.de\/en\/vox-artcar\/#respond"]}]},{"@type":"WebPage","@id":"https:\/\/berndluz.de\/en\/vox-artcar\/","url":"https:\/\/berndluz.de\/en\/vox-artcar\/","name":"VOX ArtCar - McLaren 765 LT - Oceanpulse - Bernd Luz","isPartOf":{"@id":"https:\/\/berndluz.de\/en\/#website"},"primaryImageOfPage":{"@id":"https:\/\/berndluz.de\/en\/vox-artcar\/#primaryimage"},"image":{"@id":"https:\/\/berndluz.de\/en\/vox-artcar\/#primaryimage"},"thumbnailUrl":"https:\/\/berndluz.de\/wp-content\/uploads\/2024\/07\/ArtCar24-Bernd-04-560x370-1.jpg","datePublished":"2024-07-08T10:10:58+00:00","dateModified":"2024-09-10T14:58:44+00:00","author":{"@id":"https:\/\/berndluz.de\/en\/#\/schema\/person\/5dd386423e5c800835498d11da856d2a"},"description":"The TV channel VOX accompanies the artist Bernd Luz in the creation of an ArtCar McLaren 765 LT with the title \u201cOceanpulse\u201d.","breadcrumb":{"@id":"https:\/\/berndluz.de\/en\/vox-artcar\/#breadcrumb"},"inLanguage":"en-US","potentialAction":[{"@type":"ReadAction","target":["https:\/\/berndluz.de\/en\/vox-artcar\/"]}]},{"@type":"ImageObject","inLanguage":"en-US","@id":"https:\/\/berndluz.de\/en\/vox-artcar\/#primaryimage","url":"https:\/\/berndluz.de\/wp-content\/uploads\/2024\/07\/ArtCar24-Bernd-04-560x370-1.jpg","contentUrl":"https:\/\/berndluz.de\/wp-content\/uploads\/2024\/07\/ArtCar24-Bernd-04-560x370-1.jpg","width":560,"height":370},{"@type":"BreadcrumbList","@id":"https:\/\/berndluz.de\/en\/vox-artcar\/#breadcrumb","itemListElement":[{"@type":"ListItem","position":1,"name":"Startseite","item":"https:\/\/berndluz.de\/en\/"},{"@type":"ListItem","position":2,"name":"Vox Art Car"}]},{"@type":"WebSite","@id":"https:\/\/berndluz.de\/en\/#website","url":"https:\/\/berndluz.de\/en\/","name":"Bernd Luz","description":"Bernd Luz","potentialAction":[{"@type":"SearchAction","target":{"@type":"EntryPoint","urlTemplate":"https:\/\/berndluz.de\/en\/?s={search_term_string}"},"query-input":{"@type":"PropertyValueSpecification","valueRequired":true,"valueName":"search_term_string"}}],"inLanguage":"en-US"},{"@type":"Person","@id":"https:\/\/berndluz.de\/en\/#\/schema\/person\/5dd386423e5c800835498d11da856d2a","name":"Revoluzion","image":{"@type":"ImageObject","inLanguage":"en-US","@id":"https:\/\/berndluz.de\/en\/#\/schema\/person\/image\/","url":"https:\/\/secure.gravatar.com\/avatar\/2343492f6e1e115236da533a1be260045eed1a8b087bd6d0fd3e2db612598b7f?s=96&d=mm&r=g","contentUrl":"https:\/\/secure.gravatar.com\/avatar\/2343492f6e1e115236da533a1be260045eed1a8b087bd6d0fd3e2db612598b7f?s=96&d=mm&r=g","caption":"Revoluzion"},"url":"https:\/\/berndluz.de\/en\/author\/revoluzion\/"}]}},"_links":{"self":[{"href":"https:\/\/berndluz.de\/en\/wp-json\/wp\/v2\/posts\/25976","targetHints":{"allow":["GET"]}}],"collection":[{"href":"https:\/\/berndluz.de\/en\/wp-json\/wp\/v2\/posts"}],"about":[{"href":"https:\/\/berndluz.de\/en\/wp-json\/wp\/v2\/types\/post"}],"author":[{"embeddable":true,"href":"https:\/\/berndluz.de\/en\/wp-json\/wp\/v2\/users\/2"}],"replies":[{"embeddable":true,"href":"https:\/\/berndluz.de\/en\/wp-json\/wp\/v2\/comments?post=25976"}],"version-history":[{"count":4,"href":"https:\/\/berndluz.de\/en\/wp-json\/wp\/v2\/posts\/25976\/revisions"}],"predecessor-version":[{"id":27552,"href":"https:\/\/berndluz.de\/en\/wp-json\/wp\/v2\/posts\/25976\/revisions\/27552"}],"wp:featuredmedia":[{"embeddable":true,"href":"https:\/\/berndluz.de\/en\/wp-json\/wp\/v2\/media\/25972"}],"wp:attachment":[{"href":"https:\/\/berndluz.de\/en\/wp-json\/wp\/v2\/media?parent=25976"}],"wp:term":[{"taxonomy":"category","embeddable":true,"href":"https:\/\/berndluz.de\/en\/wp-json\/wp\/v2\/categories?post=25976"},{"taxonomy":"post_tag","embeddable":true,"href":"https:\/\/berndluz.de\/en\/wp-json\/wp\/v2\/tags?post=25976"}],"curies":[{"name":"wp","href":"https:\/\/api.w.org\/{rel}","templated":true}]}}