{"id":18664,"date":"2019-06-06T09:40:50","date_gmt":"2019-06-06T07:40:50","guid":{"rendered":"https:\/\/berndluz.de\/michael-schumacher-series\/"},"modified":"2019-06-06T09:40:50","modified_gmt":"2019-06-06T07:40:50","slug":"michael-schumacher-series","status":"publish","type":"post","link":"https:\/\/berndluz.de\/fr\/michael-schumacher-series\/","title":{"rendered":"Michael Schumacher Series"},"content":{"rendered":"<div class=\"wpb-content-wrapper\"><p>[vc_row][vc_column width=\u00a0\u00bb2\/12&Prime;][\/vc_column][vc_column width=\u00a0\u00bb8\/12&Prime;][vc_custom_heading text=\u00a0\u00bbMichael Schumacher Hommage\u00a0\u00bb font_container=\u00a0\u00bbtag:h1|font_size:48px|text_align:center\u00a0\u00bb google_fonts=\u00a0\u00bbfont_family:Lobster%3Aregular|font_style:400%20regular%3A400%3Anormal\u00a0\u00bb][vc_separator color=\u00a0\u00bbcustom\u00a0\u00bb border_width=\u00a0\u00bb7&Prime; el_width=\u00a0\u00bb10&Prime; accent_color=\u00a0\u00bb#fe9306&Prime; css=\u00a0\u00bb.vc_custom_1461334391720{margin-top: 5px !important;border-top-width: 5px !important;padding-top: 5px !important;}\u00a0\u00bb][vc_empty_space height=\u00a0\u00bb10px\u00a0\u00bb][vc_single_image image=\u00a0\u00bb16696&Prime; img_size=\u00a0\u00bbfull\u00a0\u00bb alignment=\u00a0\u00bbcenter\u00a0\u00bb css_animation=\u00a0\u00bbappear\u00a0\u00bb][vc_column_text css_animation=\u00a0\u00bbappear\u00a0\u00bb]<\/p>\n<p style=\"text-align: center;\">Parallel zur Schumacher Private Collection \u2013 Zu Ehren des 7-fachen Formel 1-Weltmeisters<\/p>\n<p>&nbsp;<\/p>\n<p style=\"text-align: center;\">Die Schumacher Private Collection in K\u00f6ln hat jetzt einen festen \u201ePlatz\u201d in der neu er\u00f6ffneten Motorworld in K\u00f6ln. Sie befindet sich auf dem Gel\u00e4nde des ehemaligen Flughafens K\u00f6ln-Butzweilerhof, ganz in der N\u00e4he zu Schumachers Heimatort Kerpen.<\/p>\n<p>&nbsp;<\/p>\n<p style=\"text-align: center;\">Kontakt \u00fcber Centermanager Dirk Strohmenger<br \/>\nTel. 0221 \/ 27 78 80-10<\/p>\n<p>&nbsp;<\/p>\n<p style=\"text-align: center;\">Parallel zur Schumacher Private Collection wird die PopArt-Serie \u201eMichael Schumacher Hommage\u201d ausgestellt. Die ebenfalls dauerhaft in der Motorworld ausgestellten Motive zeigen Stationen aus Schumachers aktiver Formel 1-Zeit eine Hommage an verschiedene Stationen seiner Karriere:<\/p>\n<p>&nbsp;<\/p>\n<p style=\"text-align: center;\">Le Mans 1991 im Mercedes C11, mit Wendlinger und Kreutzpointner<br \/>\nEinstieg in die Formel 1 mit Jordan 1991<br \/>\nSeine Benetton-Zeit 1992 bis 1995 mit seinen ersten Weltmeisterschaften mit Ford (1994) und Renault-Motoren (1995)<br \/>\nSeine wichtigste Zeit mit Ferrari und 5 Weltmeistertiteln<br \/>\nDas Comeback mit Mercedes 2010 bis 2012<\/p>\n<p>&nbsp;<\/p>\n<p>&nbsp;<\/p>\n<p style=\"text-align: center;\">Die PopArt-Serie ist in einer kleinen, streng limitierten Auflage als Edition zu erweben.<\/p>\n<p>&nbsp;<\/p>\n<p style=\"text-align: center;\"><strong>Alle 6 Werke im Format 90 x 90 cm<\/strong><br \/>\n<strong>Limitierte Edition, Auflage 33. Handsigniert und nummeriert.<\/strong><br \/>\n<strong>Euro 4 800,\u2013 (Einzelwerk 950,\u2013)<\/strong><\/p>\n<p>&nbsp;<\/p>\n<p style=\"text-align: center;\"><strong>Originale auf Anfrage.<\/strong><\/p>\n<p>[\/vc_column_text][vc_separator color=\u00a0\u00bbcustom\u00a0\u00bb border_width=\u00a0\u00bb2&Prime; el_width=\u00a0\u00bb10&Prime; accent_color=\u00a0\u00bb#fe9306&Prime;][\/vc_column][vc_column width=\u00a0\u00bb2\/12&Prime;][\/vc_column][\/vc_row][vc_row][vc_column width=\u00a0\u00bb1\/2&Prime;][vc_single_image image=\u00a0\u00bb16632&Prime; img_size=\u00a0\u00bbfull\u00a0\u00bb alignment=\u00a0\u00bbcenter\u00a0\u00bb css_animation=\u00a0\u00bbappear\u00a0\u00bb][\/vc_column][vc_column width=\u00a0\u00bb1\/2&Prime;][vc_single_image image=\u00a0\u00bb16636&Prime; img_size=\u00a0\u00bbfull\u00a0\u00bb alignment=\u00a0\u00bbcenter\u00a0\u00bb css_animation=\u00a0\u00bbappear\u00a0\u00bb][\/vc_column][\/vc_row][vc_row][vc_column width=\u00a0\u00bb1\/2&Prime;][vc_single_image image=\u00a0\u00bb16640&Prime; img_size=\u00a0\u00bbfull\u00a0\u00bb alignment=\u00a0\u00bbcenter\u00a0\u00bb css_animation=\u00a0\u00bbappear\u00a0\u00bb][\/vc_column][vc_column width=\u00a0\u00bb1\/2&Prime;][vc_single_image image=\u00a0\u00bb16644&Prime; img_size=\u00a0\u00bbfull\u00a0\u00bb alignment=\u00a0\u00bbcenter\u00a0\u00bb css_animation=\u00a0\u00bbappear\u00a0\u00bb][\/vc_column][\/vc_row][vc_row][vc_column width=\u00a0\u00bb1\/2&Prime;][vc_single_image image=\u00a0\u00bb16648&Prime; img_size=\u00a0\u00bbfull\u00a0\u00bb alignment=\u00a0\u00bbcenter\u00a0\u00bb css_animation=\u00a0\u00bbappear\u00a0\u00bb][\/vc_column][vc_column width=\u00a0\u00bb1\/2&Prime;][vc_single_image image=\u00a0\u00bb16652&Prime; img_size=\u00a0\u00bbfull\u00a0\u00bb alignment=\u00a0\u00bbcenter\u00a0\u00bb css_animation=\u00a0\u00bbappear\u00a0\u00bb][\/vc_column][\/vc_row][vc_row][vc_column width=\u00a0\u00bb1\/2&Prime;][vc_single_image image=\u00a0\u00bb16682&Prime; img_size=\u00a0\u00bbfull\u00a0\u00bb alignment=\u00a0\u00bbcenter\u00a0\u00bb css_animation=\u00a0\u00bbappear\u00a0\u00bb][\/vc_column][vc_column width=\u00a0\u00bb1\/2&Prime;][vc_single_image image=\u00a0\u00bb16662&Prime; img_size=\u00a0\u00bbfull\u00a0\u00bb alignment=\u00a0\u00bbcenter\u00a0\u00bb css_animation=\u00a0\u00bbappear\u00a0\u00bb][\/vc_column][\/vc_row][vc_row][vc_column width=\u00a0\u00bb1\/2&Prime;][vc_single_image image=\u00a0\u00bb16686&Prime; img_size=\u00a0\u00bbfull\u00a0\u00bb alignment=\u00a0\u00bbcenter\u00a0\u00bb css_animation=\u00a0\u00bbappear\u00a0\u00bb][\/vc_column][vc_column width=\u00a0\u00bb1\/2&Prime;][vc_single_image image=\u00a0\u00bb16666&Prime; img_size=\u00a0\u00bbfull\u00a0\u00bb alignment=\u00a0\u00bbcenter\u00a0\u00bb css_animation=\u00a0\u00bbappear\u00a0\u00bb][\/vc_column][\/vc_row][vc_row][vc_column width=\u00a0\u00bb1\/2&Prime;][vc_single_image image=\u00a0\u00bb16670&Prime; img_size=\u00a0\u00bbfull\u00a0\u00bb alignment=\u00a0\u00bbcenter\u00a0\u00bb css_animation=\u00a0\u00bbappear\u00a0\u00bb][\/vc_column][vc_column width=\u00a0\u00bb1\/2&Prime;][vc_single_image image=\u00a0\u00bb16674&Prime; img_size=\u00a0\u00bbfull\u00a0\u00bb alignment=\u00a0\u00bbcenter\u00a0\u00bb css_animation=\u00a0\u00bbappear\u00a0\u00bb][\/vc_column][\/vc_row]<\/p>\n<\/div>","protected":false},"excerpt":{"rendered":"<p>[vc_row][vc_column width=\u00a0\u00bb2\/12&Prime;][\/vc_column][vc_column width=\u00a0\u00bb8\/12&Prime;][vc_custom_heading text=\u00a0\u00bbMichael Schumacher Hommage\u00a0\u00bb font_container=\u00a0\u00bbtag:h1|font_size:48px|text_align:center\u00a0\u00bb google_fonts=\u00a0\u00bbfont_family:Lobster%3Aregular|font_style:400%20regular%3A400%3Anormal\u00a0\u00bb][vc_separator color=\u00a0\u00bbcustom\u00a0\u00bb border_width=\u00a0\u00bb7&Prime; el_width=\u00a0\u00bb10&Prime; accent_color=\u00a0\u00bb#fe9306&Prime; css=\u00a0\u00bb.vc_custom_1461334391720{margin-top: 5px !important;border-top-width: 5px !important;padding-top: 5px !important;}\u00a0\u00bb][vc_empty_space height=\u00a0\u00bb10px\u00a0\u00bb][vc_single_image image=\u00a0\u00bb16696&Prime; img_size=\u00a0\u00bbfull\u00a0\u00bb alignment=\u00a0\u00bbcenter\u00a0\u00bb css_animation=\u00a0\u00bbappear\u00a0\u00bb][vc_column_text css_animation=\u00a0\u00bbappear\u00a0\u00bb] Parallel zur Schumacher Private Collection \u2013 Zu Ehren des 7-fachen Formel 1-Weltmeisters &nbsp; Die Schumacher Private Collection in K\u00f6ln hat jetzt einen festen \u201ePlatz\u201d in der neu er\u00f6ffneten Motorworld in [&hellip;]<\/p>\n","protected":false},"author":4,"featured_media":16694,"comment_status":"open","ping_status":"open","sticky":false,"template":"","format":"standard","meta":{"footnotes":""},"categories":[237,37],"tags":[622,623,624,625,626,627],"class_list":["post-18664","post","type-post","status-publish","format-standard","has-post-thumbnail","hentry","category-automotive-de-fr","category-automotive-de","tag-formel-1-fr","tag-klassische-sportwagen-fr","tag-dtm-fr","tag-motorsport-fr","tag-autosammler-fr","tag-rennsport-fr"],"yoast_head":"<!-- This site is optimized with the Yoast SEO plugin v26.8 - https:\/\/yoast.com\/product\/yoast-seo-wordpress\/ -->\n<title>Michael Schumacher Series - Bernd Luz<\/title>\n<meta name=\"robots\" content=\"index, follow, max-snippet:-1, max-image-preview:large, max-video-preview:-1\" \/>\n<link rel=\"canonical\" href=\"https:\/\/berndluz.de\/fr\/michael-schumacher-series\/\" \/>\n<meta property=\"og:locale\" content=\"fr_FR\" \/>\n<meta property=\"og:type\" content=\"article\" \/>\n<meta property=\"og:title\" content=\"Michael Schumacher Series - Bernd Luz\" \/>\n<meta property=\"og:description\" content=\"[vc_row][vc_column width=\u00a0\u00bb2\/12&Prime;][\/vc_column][vc_column width=\u00a0\u00bb8\/12&Prime;][vc_custom_heading text=\u00a0\u00bbMichael Schumacher Hommage\u00a0\u00bb font_container=\u00a0\u00bbtag:h1|font_size:48px|text_align:center\u00a0\u00bb google_fonts=\u00a0\u00bbfont_family:Lobster%3Aregular|font_style:400%20regular%3A400%3Anormal\u00a0\u00bb][vc_separator color=\u00a0\u00bbcustom\u00a0\u00bb border_width=\u00a0\u00bb7&Prime; el_width=\u00a0\u00bb10&Prime; accent_color=\u00a0\u00bb#fe9306&Prime; css=\u00a0\u00bb.vc_custom_1461334391720{margin-top: 5px !important;border-top-width: 5px !important;padding-top: 5px !important;}\u00a0\u00bb][vc_empty_space height=\u00a0\u00bb10px\u00a0\u00bb][vc_single_image image=\u00a0\u00bb16696&Prime; img_size=\u00a0\u00bbfull\u00a0\u00bb alignment=\u00a0\u00bbcenter\u00a0\u00bb css_animation=\u00a0\u00bbappear\u00a0\u00bb][vc_column_text css_animation=\u00a0\u00bbappear\u00a0\u00bb] Parallel zur Schumacher Private Collection \u2013 Zu Ehren des 7-fachen Formel 1-Weltmeisters &nbsp; Die Schumacher Private Collection in K\u00f6ln hat jetzt einen festen \u201ePlatz\u201d in der neu er\u00f6ffneten Motorworld in [&hellip;]\" \/>\n<meta property=\"og:url\" content=\"https:\/\/berndluz.de\/fr\/michael-schumacher-series\/\" \/>\n<meta property=\"og:site_name\" content=\"Bernd Luz\" \/>\n<meta property=\"article:published_time\" content=\"2019-06-06T07:40:50+00:00\" \/>\n<meta property=\"og:image\" content=\"https:\/\/berndluz.de\/wp-content\/uploads\/2018\/07\/Schumacher-thumb.jpg\" \/>\n\t<meta property=\"og:image:width\" content=\"560\" \/>\n\t<meta property=\"og:image:height\" content=\"370\" \/>\n\t<meta property=\"og:image:type\" content=\"image\/jpeg\" \/>\n<meta name=\"author\" content=\"Bernd\" \/>\n<meta name=\"twitter:card\" content=\"summary_large_image\" \/>\n<meta name=\"twitter:label1\" content=\"\u00c9crit par\" \/>\n\t<meta name=\"twitter:data1\" content=\"Bernd\" \/>\n\t<meta name=\"twitter:label2\" content=\"Dur\u00e9e de lecture estim\u00e9e\" \/>\n\t<meta name=\"twitter:data2\" content=\"3 minutes\" \/>\n<script type=\"application\/ld+json\" class=\"yoast-schema-graph\">{\"@context\":\"https:\/\/schema.org\",\"@graph\":[{\"@type\":\"Article\",\"@id\":\"https:\/\/berndluz.de\/fr\/michael-schumacher-series\/#article\",\"isPartOf\":{\"@id\":\"https:\/\/berndluz.de\/fr\/michael-schumacher-series\/\"},\"author\":{\"name\":\"Bernd\",\"@id\":\"https:\/\/berndluz.de\/fr\/#\/schema\/person\/e88e753e04ea35a116d5d72827d419c8\"},\"headline\":\"Michael Schumacher Series\",\"datePublished\":\"2019-06-06T07:40:50+00:00\",\"mainEntityOfPage\":{\"@id\":\"https:\/\/berndluz.de\/fr\/michael-schumacher-series\/\"},\"wordCount\":508,\"commentCount\":0,\"image\":{\"@id\":\"https:\/\/berndluz.de\/fr\/michael-schumacher-series\/#primaryimage\"},\"thumbnailUrl\":\"https:\/\/berndluz.de\/wp-content\/uploads\/2018\/07\/Schumacher-thumb.jpg\",\"keywords\":[\"Formel 1\",\"Klassische Sportwagen\",\"DTM\",\"Motorsport\",\"Autosammler\",\"Rennsport\"],\"articleSection\":[\"AUTOMOTIVE MEDIAMIX\",\"AUTOMOTIVE ART MIXED MEDIA\"],\"inLanguage\":\"fr-FR\",\"potentialAction\":[{\"@type\":\"CommentAction\",\"name\":\"Comment\",\"target\":[\"https:\/\/berndluz.de\/fr\/michael-schumacher-series\/#respond\"]}]},{\"@type\":\"WebPage\",\"@id\":\"https:\/\/berndluz.de\/fr\/michael-schumacher-series\/\",\"url\":\"https:\/\/berndluz.de\/fr\/michael-schumacher-series\/\",\"name\":\"Michael Schumacher Series - Bernd Luz\",\"isPartOf\":{\"@id\":\"https:\/\/berndluz.de\/fr\/#website\"},\"primaryImageOfPage\":{\"@id\":\"https:\/\/berndluz.de\/fr\/michael-schumacher-series\/#primaryimage\"},\"image\":{\"@id\":\"https:\/\/berndluz.de\/fr\/michael-schumacher-series\/#primaryimage\"},\"thumbnailUrl\":\"https:\/\/berndluz.de\/wp-content\/uploads\/2018\/07\/Schumacher-thumb.jpg\",\"datePublished\":\"2019-06-06T07:40:50+00:00\",\"author\":{\"@id\":\"https:\/\/berndluz.de\/fr\/#\/schema\/person\/e88e753e04ea35a116d5d72827d419c8\"},\"breadcrumb\":{\"@id\":\"https:\/\/berndluz.de\/fr\/michael-schumacher-series\/#breadcrumb\"},\"inLanguage\":\"fr-FR\",\"potentialAction\":[{\"@type\":\"ReadAction\",\"target\":[\"https:\/\/berndluz.de\/fr\/michael-schumacher-series\/\"]}]},{\"@type\":\"ImageObject\",\"inLanguage\":\"fr-FR\",\"@id\":\"https:\/\/berndluz.de\/fr\/michael-schumacher-series\/#primaryimage\",\"url\":\"https:\/\/berndluz.de\/wp-content\/uploads\/2018\/07\/Schumacher-thumb.jpg\",\"contentUrl\":\"https:\/\/berndluz.de\/wp-content\/uploads\/2018\/07\/Schumacher-thumb.jpg\",\"width\":560,\"height\":370},{\"@type\":\"BreadcrumbList\",\"@id\":\"https:\/\/berndluz.de\/fr\/michael-schumacher-series\/#breadcrumb\",\"itemListElement\":[{\"@type\":\"ListItem\",\"position\":1,\"name\":\"Startseite\",\"item\":\"https:\/\/berndluz.de\/fr\/\"},{\"@type\":\"ListItem\",\"position\":2,\"name\":\"Michael Schumacher Series\"}]},{\"@type\":\"WebSite\",\"@id\":\"https:\/\/berndluz.de\/fr\/#website\",\"url\":\"https:\/\/berndluz.de\/fr\/\",\"name\":\"Bernd Luz\",\"description\":\"Bernd Luz\",\"potentialAction\":[{\"@type\":\"SearchAction\",\"target\":{\"@type\":\"EntryPoint\",\"urlTemplate\":\"https:\/\/berndluz.de\/fr\/?s={search_term_string}\"},\"query-input\":{\"@type\":\"PropertyValueSpecification\",\"valueRequired\":true,\"valueName\":\"search_term_string\"}}],\"inLanguage\":\"fr-FR\"},{\"@type\":\"Person\",\"@id\":\"https:\/\/berndluz.de\/fr\/#\/schema\/person\/e88e753e04ea35a116d5d72827d419c8\",\"name\":\"Bernd\",\"image\":{\"@type\":\"ImageObject\",\"inLanguage\":\"fr-FR\",\"@id\":\"https:\/\/berndluz.de\/fr\/#\/schema\/person\/image\/\",\"url\":\"https:\/\/secure.gravatar.com\/avatar\/e934bf4dccb03bb498f1a2b80139c51b8e1b51233f5a87a3c2685247a1110687?s=96&d=mm&r=g\",\"contentUrl\":\"https:\/\/secure.gravatar.com\/avatar\/e934bf4dccb03bb498f1a2b80139c51b8e1b51233f5a87a3c2685247a1110687?s=96&d=mm&r=g\",\"caption\":\"Bernd\"},\"url\":\"https:\/\/berndluz.de\/fr\/author\/bernd\/\"}]}<\/script>\n<!-- \/ Yoast SEO plugin. -->","yoast_head_json":{"title":"Michael Schumacher Series - Bernd Luz","robots":{"index":"index","follow":"follow","max-snippet":"max-snippet:-1","max-image-preview":"max-image-preview:large","max-video-preview":"max-video-preview:-1"},"canonical":"https:\/\/berndluz.de\/fr\/michael-schumacher-series\/","og_locale":"fr_FR","og_type":"article","og_title":"Michael Schumacher Series - Bernd Luz","og_description":"[vc_row][vc_column width=\u00a0\u00bb2\/12&Prime;][\/vc_column][vc_column width=\u00a0\u00bb8\/12&Prime;][vc_custom_heading text=\u00a0\u00bbMichael Schumacher Hommage\u00a0\u00bb font_container=\u00a0\u00bbtag:h1|font_size:48px|text_align:center\u00a0\u00bb google_fonts=\u00a0\u00bbfont_family:Lobster%3Aregular|font_style:400%20regular%3A400%3Anormal\u00a0\u00bb][vc_separator color=\u00a0\u00bbcustom\u00a0\u00bb border_width=\u00a0\u00bb7&Prime; el_width=\u00a0\u00bb10&Prime; accent_color=\u00a0\u00bb#fe9306&Prime; css=\u00a0\u00bb.vc_custom_1461334391720{margin-top: 5px !important;border-top-width: 5px !important;padding-top: 5px !important;}\u00a0\u00bb][vc_empty_space height=\u00a0\u00bb10px\u00a0\u00bb][vc_single_image image=\u00a0\u00bb16696&Prime; img_size=\u00a0\u00bbfull\u00a0\u00bb alignment=\u00a0\u00bbcenter\u00a0\u00bb css_animation=\u00a0\u00bbappear\u00a0\u00bb][vc_column_text css_animation=\u00a0\u00bbappear\u00a0\u00bb] Parallel zur Schumacher Private Collection \u2013 Zu Ehren des 7-fachen Formel 1-Weltmeisters &nbsp; Die Schumacher Private Collection in K\u00f6ln hat jetzt einen festen \u201ePlatz\u201d in der neu er\u00f6ffneten Motorworld in [&hellip;]","og_url":"https:\/\/berndluz.de\/fr\/michael-schumacher-series\/","og_site_name":"Bernd Luz","article_published_time":"2019-06-06T07:40:50+00:00","og_image":[{"width":560,"height":370,"url":"https:\/\/berndluz.de\/wp-content\/uploads\/2018\/07\/Schumacher-thumb.jpg","type":"image\/jpeg"}],"author":"Bernd","twitter_card":"summary_large_image","twitter_misc":{"\u00c9crit par":"Bernd","Dur\u00e9e de lecture estim\u00e9e":"3 minutes"},"schema":{"@context":"https:\/\/schema.org","@graph":[{"@type":"Article","@id":"https:\/\/berndluz.de\/fr\/michael-schumacher-series\/#article","isPartOf":{"@id":"https:\/\/berndluz.de\/fr\/michael-schumacher-series\/"},"author":{"name":"Bernd","@id":"https:\/\/berndluz.de\/fr\/#\/schema\/person\/e88e753e04ea35a116d5d72827d419c8"},"headline":"Michael Schumacher Series","datePublished":"2019-06-06T07:40:50+00:00","mainEntityOfPage":{"@id":"https:\/\/berndluz.de\/fr\/michael-schumacher-series\/"},"wordCount":508,"commentCount":0,"image":{"@id":"https:\/\/berndluz.de\/fr\/michael-schumacher-series\/#primaryimage"},"thumbnailUrl":"https:\/\/berndluz.de\/wp-content\/uploads\/2018\/07\/Schumacher-thumb.jpg","keywords":["Formel 1","Klassische Sportwagen","DTM","Motorsport","Autosammler","Rennsport"],"articleSection":["AUTOMOTIVE MEDIAMIX","AUTOMOTIVE ART MIXED MEDIA"],"inLanguage":"fr-FR","potentialAction":[{"@type":"CommentAction","name":"Comment","target":["https:\/\/berndluz.de\/fr\/michael-schumacher-series\/#respond"]}]},{"@type":"WebPage","@id":"https:\/\/berndluz.de\/fr\/michael-schumacher-series\/","url":"https:\/\/berndluz.de\/fr\/michael-schumacher-series\/","name":"Michael Schumacher Series - Bernd Luz","isPartOf":{"@id":"https:\/\/berndluz.de\/fr\/#website"},"primaryImageOfPage":{"@id":"https:\/\/berndluz.de\/fr\/michael-schumacher-series\/#primaryimage"},"image":{"@id":"https:\/\/berndluz.de\/fr\/michael-schumacher-series\/#primaryimage"},"thumbnailUrl":"https:\/\/berndluz.de\/wp-content\/uploads\/2018\/07\/Schumacher-thumb.jpg","datePublished":"2019-06-06T07:40:50+00:00","author":{"@id":"https:\/\/berndluz.de\/fr\/#\/schema\/person\/e88e753e04ea35a116d5d72827d419c8"},"breadcrumb":{"@id":"https:\/\/berndluz.de\/fr\/michael-schumacher-series\/#breadcrumb"},"inLanguage":"fr-FR","potentialAction":[{"@type":"ReadAction","target":["https:\/\/berndluz.de\/fr\/michael-schumacher-series\/"]}]},{"@type":"ImageObject","inLanguage":"fr-FR","@id":"https:\/\/berndluz.de\/fr\/michael-schumacher-series\/#primaryimage","url":"https:\/\/berndluz.de\/wp-content\/uploads\/2018\/07\/Schumacher-thumb.jpg","contentUrl":"https:\/\/berndluz.de\/wp-content\/uploads\/2018\/07\/Schumacher-thumb.jpg","width":560,"height":370},{"@type":"BreadcrumbList","@id":"https:\/\/berndluz.de\/fr\/michael-schumacher-series\/#breadcrumb","itemListElement":[{"@type":"ListItem","position":1,"name":"Startseite","item":"https:\/\/berndluz.de\/fr\/"},{"@type":"ListItem","position":2,"name":"Michael Schumacher Series"}]},{"@type":"WebSite","@id":"https:\/\/berndluz.de\/fr\/#website","url":"https:\/\/berndluz.de\/fr\/","name":"Bernd Luz","description":"Bernd Luz","potentialAction":[{"@type":"SearchAction","target":{"@type":"EntryPoint","urlTemplate":"https:\/\/berndluz.de\/fr\/?s={search_term_string}"},"query-input":{"@type":"PropertyValueSpecification","valueRequired":true,"valueName":"search_term_string"}}],"inLanguage":"fr-FR"},{"@type":"Person","@id":"https:\/\/berndluz.de\/fr\/#\/schema\/person\/e88e753e04ea35a116d5d72827d419c8","name":"Bernd","image":{"@type":"ImageObject","inLanguage":"fr-FR","@id":"https:\/\/berndluz.de\/fr\/#\/schema\/person\/image\/","url":"https:\/\/secure.gravatar.com\/avatar\/e934bf4dccb03bb498f1a2b80139c51b8e1b51233f5a87a3c2685247a1110687?s=96&d=mm&r=g","contentUrl":"https:\/\/secure.gravatar.com\/avatar\/e934bf4dccb03bb498f1a2b80139c51b8e1b51233f5a87a3c2685247a1110687?s=96&d=mm&r=g","caption":"Bernd"},"url":"https:\/\/berndluz.de\/fr\/author\/bernd\/"}]}},"_links":{"self":[{"href":"https:\/\/berndluz.de\/fr\/wp-json\/wp\/v2\/posts\/18664","targetHints":{"allow":["GET"]}}],"collection":[{"href":"https:\/\/berndluz.de\/fr\/wp-json\/wp\/v2\/posts"}],"about":[{"href":"https:\/\/berndluz.de\/fr\/wp-json\/wp\/v2\/types\/post"}],"author":[{"embeddable":true,"href":"https:\/\/berndluz.de\/fr\/wp-json\/wp\/v2\/users\/4"}],"replies":[{"embeddable":true,"href":"https:\/\/berndluz.de\/fr\/wp-json\/wp\/v2\/comments?post=18664"}],"version-history":[{"count":1,"href":"https:\/\/berndluz.de\/fr\/wp-json\/wp\/v2\/posts\/18664\/revisions"}],"predecessor-version":[{"id":18665,"href":"https:\/\/berndluz.de\/fr\/wp-json\/wp\/v2\/posts\/18664\/revisions\/18665"}],"wp:featuredmedia":[{"embeddable":true,"href":"https:\/\/berndluz.de\/fr\/wp-json\/wp\/v2\/media\/16694"}],"wp:attachment":[{"href":"https:\/\/berndluz.de\/fr\/wp-json\/wp\/v2\/media?parent=18664"}],"wp:term":[{"taxonomy":"category","embeddable":true,"href":"https:\/\/berndluz.de\/fr\/wp-json\/wp\/v2\/categories?post=18664"},{"taxonomy":"post_tag","embeddable":true,"href":"https:\/\/berndluz.de\/fr\/wp-json\/wp\/v2\/tags?post=18664"}],"curies":[{"name":"wp","href":"https:\/\/api.w.org\/{rel}","templated":true}]}}