{"id":20030,"date":"2020-02-25T17:02:58","date_gmt":"2020-02-25T15:02:58","guid":{"rendered":"https:\/\/berndluz.de\/?p=20030"},"modified":"2024-09-19T14:24:11","modified_gmt":"2024-09-19T12:24:11","slug":"fcb-poparts","status":"publish","type":"post","link":"https:\/\/berndluz.de\/fr\/fcb-poparts\/","title":{"rendered":"FCB PopArts"},"content":{"rendered":"<div class=\"wpb-content-wrapper\"><p>[vc_row][vc_column width=\u00a0\u00bb2\/12&Prime;][\/vc_column][vc_column width=\u00a0\u00bb8\/12&Prime;][vc_single_image image=\u00a0\u00bb20032&Prime; img_size=\u00a0\u00bbfull\u00a0\u00bb alignment=\u00a0\u00bbcenter\u00a0\u00bb css_animation=\u00a0\u00bbappear\u00a0\u00bb][vc_custom_heading text=\u00a0\u00bbFC Bayern Pop Arts\u00a0\u00bb font_container=\u00a0\u00bbtag:h1|font_size:48px|text_align:center\u00a0\u00bb google_fonts=\u00a0\u00bbfont_family:Lobster%3Aregular|font_style:400%20regular%3A400%3Anormal\u00a0\u00bb][vc_separator color=\u00a0\u00bbcustom\u00a0\u00bb border_width=\u00a0\u00bb7&Prime; el_width=\u00a0\u00bb10&Prime; css=\u00a0\u00bb.vc_custom_1461334391720{margin-top: 5px !important;border-top-width: 5px !important;padding-top: 5px !important;}\u00a0\u00bb accent_color=\u00a0\u00bb#fe9306&Prime;][vc_column_text]<\/p>\n<p style=\"text-align: center;\">PopArts f\u00fcr das neue B\u00fcrogeb\u00e4ude des FC Bayern in der S\u00e4bener Stra\u00dfe in M\u00fcnchen.<\/p>\n<p>[\/vc_column_text][vc_single_image image=\u00a0\u00bb20036&Prime; img_size=\u00a0\u00bbfull\u00a0\u00bb alignment=\u00a0\u00bbcenter\u00a0\u00bb css_animation=\u00a0\u00bbappear\u00a0\u00bb][vc_empty_space height=\u00a0\u00bb10px\u00a0\u00bb][vc_column_text css_animation=\u00a0\u00bbleft-to-right\u00a0\u00bb][\/vc_column_text][\/vc_column][vc_column width=\u00a0\u00bb2\/12&Prime;][\/vc_column][\/vc_row][vc_row][vc_column][vc_separator color=\u00a0\u00bbcustom\u00a0\u00bb align=\u00a0\u00bbalign_left\u00a0\u00bb border_width=\u00a0\u00bb2&Prime; accent_color=\u00a0\u00bb#fe9306&Prime;][\/vc_column][\/vc_row]<\/p>\n<\/div>","protected":false},"excerpt":{"rendered":"<p>[vc_row][vc_column width=\u00a0\u00bb2\/12&Prime;][\/vc_column][vc_column width=\u00a0\u00bb8\/12&Prime;][vc_single_image image=\u00a0\u00bb20032&Prime; img_size=\u00a0\u00bbfull\u00a0\u00bb alignment=\u00a0\u00bbcenter\u00a0\u00bb css_animation=\u00a0\u00bbappear\u00a0\u00bb][vc_custom_heading text=\u00a0\u00bbFC Bayern Pop Arts\u00a0\u00bb font_container=\u00a0\u00bbtag:h1|font_size:48px|text_align:center\u00a0\u00bb google_fonts=\u00a0\u00bbfont_family:Lobster%3Aregular|font_style:400%20regular%3A400%3Anormal\u00a0\u00bb][vc_separator color=\u00a0\u00bbcustom\u00a0\u00bb border_width=\u00a0\u00bb7&Prime; el_width=\u00a0\u00bb10&Prime; css=\u00a0\u00bb.vc_custom_1461334391720{margin-top: 5px !important;border-top-width: 5px !important;padding-top: 5px !important;}\u00a0\u00bb accent_color=\u00a0\u00bb#fe9306&Prime;][vc_column_text] PopArts f\u00fcr das neue B\u00fcrogeb\u00e4ude des FC Bayern in der S\u00e4bener Stra\u00dfe in M\u00fcnchen. [\/vc_column_text][vc_single_image image=\u00a0\u00bb20036&Prime; img_size=\u00a0\u00bbfull\u00a0\u00bb alignment=\u00a0\u00bbcenter\u00a0\u00bb css_animation=\u00a0\u00bbappear\u00a0\u00bb][vc_empty_space height=\u00a0\u00bb10px\u00a0\u00bb][vc_column_text css_animation=\u00a0\u00bbleft-to-right\u00a0\u00bb][\/vc_column_text][\/vc_column][vc_column width=\u00a0\u00bb2\/12&Prime;][\/vc_column][\/vc_row][vc_row][vc_column][vc_separator color=\u00a0\u00bbcustom\u00a0\u00bb align=\u00a0\u00bbalign_left\u00a0\u00bb border_width=\u00a0\u00bb2&Prime; accent_color=\u00a0\u00bb#fe9306&Prime;][\/vc_column][\/vc_row]<\/p>\n","protected":false},"author":4,"featured_media":20046,"comment_status":"open","ping_status":"open","sticky":false,"template":"","format":"standard","meta":{"footnotes":""},"categories":[318],"tags":[],"class_list":["post-20030","post","type-post","status-publish","format-standard","has-post-thumbnail","hentry","category-newz-fr"],"yoast_head":"<!-- This site is optimized with the Yoast SEO plugin v26.8 - https:\/\/yoast.com\/product\/yoast-seo-wordpress\/ -->\n<title>FCB PopArts - Bernd Luz<\/title>\n<meta name=\"robots\" content=\"index, follow, max-snippet:-1, max-image-preview:large, max-video-preview:-1\" \/>\n<link rel=\"canonical\" href=\"https:\/\/berndluz.de\/fr\/fcb-poparts\/\" \/>\n<meta property=\"og:locale\" content=\"fr_FR\" \/>\n<meta property=\"og:type\" content=\"article\" \/>\n<meta property=\"og:title\" content=\"FCB PopArts - Bernd Luz\" \/>\n<meta property=\"og:description\" content=\"[vc_row][vc_column width=\u00a0\u00bb2\/12&Prime;][\/vc_column][vc_column width=\u00a0\u00bb8\/12&Prime;][vc_single_image image=\u00a0\u00bb20032&Prime; img_size=\u00a0\u00bbfull\u00a0\u00bb alignment=\u00a0\u00bbcenter\u00a0\u00bb css_animation=\u00a0\u00bbappear\u00a0\u00bb][vc_custom_heading text=\u00a0\u00bbFC Bayern Pop Arts\u00a0\u00bb font_container=\u00a0\u00bbtag:h1|font_size:48px|text_align:center\u00a0\u00bb google_fonts=\u00a0\u00bbfont_family:Lobster%3Aregular|font_style:400%20regular%3A400%3Anormal\u00a0\u00bb][vc_separator color=\u00a0\u00bbcustom\u00a0\u00bb border_width=\u00a0\u00bb7&Prime; el_width=\u00a0\u00bb10&Prime; css=\u00a0\u00bb.vc_custom_1461334391720{margin-top: 5px !important;border-top-width: 5px !important;padding-top: 5px !important;}\u00a0\u00bb accent_color=\u00a0\u00bb#fe9306&Prime;][vc_column_text] PopArts f\u00fcr das neue B\u00fcrogeb\u00e4ude des FC Bayern in der S\u00e4bener Stra\u00dfe in M\u00fcnchen. [\/vc_column_text][vc_single_image image=\u00a0\u00bb20036&Prime; img_size=\u00a0\u00bbfull\u00a0\u00bb alignment=\u00a0\u00bbcenter\u00a0\u00bb css_animation=\u00a0\u00bbappear\u00a0\u00bb][vc_empty_space height=\u00a0\u00bb10px\u00a0\u00bb][vc_column_text css_animation=\u00a0\u00bbleft-to-right\u00a0\u00bb][\/vc_column_text][\/vc_column][vc_column width=\u00a0\u00bb2\/12&Prime;][\/vc_column][\/vc_row][vc_row][vc_column][vc_separator color=\u00a0\u00bbcustom\u00a0\u00bb align=\u00a0\u00bbalign_left\u00a0\u00bb border_width=\u00a0\u00bb2&Prime; accent_color=\u00a0\u00bb#fe9306&Prime;][\/vc_column][\/vc_row]\" \/>\n<meta property=\"og:url\" content=\"https:\/\/berndluz.de\/fr\/fcb-poparts\/\" \/>\n<meta property=\"og:site_name\" content=\"Bernd Luz\" \/>\n<meta property=\"article:published_time\" content=\"2020-02-25T15:02:58+00:00\" \/>\n<meta property=\"article:modified_time\" content=\"2024-09-19T12:24:11+00:00\" \/>\n<meta property=\"og:image\" content=\"https:\/\/berndluz.de\/wp-content\/uploads\/2020\/02\/FCB-Titel-1024x772.jpg\" \/>\n\t<meta property=\"og:image:width\" content=\"1024\" \/>\n\t<meta property=\"og:image:height\" content=\"772\" \/>\n\t<meta property=\"og:image:type\" content=\"image\/jpeg\" \/>\n<meta name=\"author\" content=\"Bernd\" \/>\n<meta name=\"twitter:card\" content=\"summary_large_image\" \/>\n<meta name=\"twitter:label1\" content=\"\u00c9crit par\" \/>\n\t<meta name=\"twitter:data1\" content=\"Bernd\" \/>\n\t<meta name=\"twitter:label2\" content=\"Dur\u00e9e de lecture estim\u00e9e\" \/>\n\t<meta name=\"twitter:data2\" content=\"1 minute\" \/>\n<script type=\"application\/ld+json\" class=\"yoast-schema-graph\">{\"@context\":\"https:\/\/schema.org\",\"@graph\":[{\"@type\":\"Article\",\"@id\":\"https:\/\/berndluz.de\/fr\/fcb-poparts\/#article\",\"isPartOf\":{\"@id\":\"https:\/\/berndluz.de\/fr\/fcb-poparts\/\"},\"author\":{\"name\":\"Bernd\",\"@id\":\"https:\/\/berndluz.de\/fr\/#\/schema\/person\/e88e753e04ea35a116d5d72827d419c8\"},\"headline\":\"FCB PopArts\",\"datePublished\":\"2020-02-25T15:02:58+00:00\",\"dateModified\":\"2024-09-19T12:24:11+00:00\",\"mainEntityOfPage\":{\"@id\":\"https:\/\/berndluz.de\/fr\/fcb-poparts\/\"},\"wordCount\":157,\"commentCount\":0,\"image\":{\"@id\":\"https:\/\/berndluz.de\/fr\/fcb-poparts\/#primaryimage\"},\"thumbnailUrl\":\"https:\/\/berndluz.de\/wp-content\/uploads\/2020\/02\/FCB-Titel.jpg\",\"articleSection\":[\"Newz\"],\"inLanguage\":\"fr-FR\",\"potentialAction\":[{\"@type\":\"CommentAction\",\"name\":\"Comment\",\"target\":[\"https:\/\/berndluz.de\/fr\/fcb-poparts\/#respond\"]}]},{\"@type\":\"WebPage\",\"@id\":\"https:\/\/berndluz.de\/fr\/fcb-poparts\/\",\"url\":\"https:\/\/berndluz.de\/fr\/fcb-poparts\/\",\"name\":\"FCB PopArts - Bernd Luz\",\"isPartOf\":{\"@id\":\"https:\/\/berndluz.de\/fr\/#website\"},\"primaryImageOfPage\":{\"@id\":\"https:\/\/berndluz.de\/fr\/fcb-poparts\/#primaryimage\"},\"image\":{\"@id\":\"https:\/\/berndluz.de\/fr\/fcb-poparts\/#primaryimage\"},\"thumbnailUrl\":\"https:\/\/berndluz.de\/wp-content\/uploads\/2020\/02\/FCB-Titel.jpg\",\"datePublished\":\"2020-02-25T15:02:58+00:00\",\"dateModified\":\"2024-09-19T12:24:11+00:00\",\"author\":{\"@id\":\"https:\/\/berndluz.de\/fr\/#\/schema\/person\/e88e753e04ea35a116d5d72827d419c8\"},\"breadcrumb\":{\"@id\":\"https:\/\/berndluz.de\/fr\/fcb-poparts\/#breadcrumb\"},\"inLanguage\":\"fr-FR\",\"potentialAction\":[{\"@type\":\"ReadAction\",\"target\":[\"https:\/\/berndluz.de\/fr\/fcb-poparts\/\"]}]},{\"@type\":\"ImageObject\",\"inLanguage\":\"fr-FR\",\"@id\":\"https:\/\/berndluz.de\/fr\/fcb-poparts\/#primaryimage\",\"url\":\"https:\/\/berndluz.de\/wp-content\/uploads\/2020\/02\/FCB-Titel.jpg\",\"contentUrl\":\"https:\/\/berndluz.de\/wp-content\/uploads\/2020\/02\/FCB-Titel.jpg\",\"width\":3580,\"height\":2700},{\"@type\":\"BreadcrumbList\",\"@id\":\"https:\/\/berndluz.de\/fr\/fcb-poparts\/#breadcrumb\",\"itemListElement\":[{\"@type\":\"ListItem\",\"position\":1,\"name\":\"Startseite\",\"item\":\"https:\/\/berndluz.de\/fr\/\"},{\"@type\":\"ListItem\",\"position\":2,\"name\":\"FCB PopArts\"}]},{\"@type\":\"WebSite\",\"@id\":\"https:\/\/berndluz.de\/fr\/#website\",\"url\":\"https:\/\/berndluz.de\/fr\/\",\"name\":\"Bernd Luz\",\"description\":\"Bernd Luz\",\"potentialAction\":[{\"@type\":\"SearchAction\",\"target\":{\"@type\":\"EntryPoint\",\"urlTemplate\":\"https:\/\/berndluz.de\/fr\/?s={search_term_string}\"},\"query-input\":{\"@type\":\"PropertyValueSpecification\",\"valueRequired\":true,\"valueName\":\"search_term_string\"}}],\"inLanguage\":\"fr-FR\"},{\"@type\":\"Person\",\"@id\":\"https:\/\/berndluz.de\/fr\/#\/schema\/person\/e88e753e04ea35a116d5d72827d419c8\",\"name\":\"Bernd\",\"image\":{\"@type\":\"ImageObject\",\"inLanguage\":\"fr-FR\",\"@id\":\"https:\/\/berndluz.de\/fr\/#\/schema\/person\/image\/\",\"url\":\"https:\/\/secure.gravatar.com\/avatar\/e934bf4dccb03bb498f1a2b80139c51b8e1b51233f5a87a3c2685247a1110687?s=96&d=mm&r=g\",\"contentUrl\":\"https:\/\/secure.gravatar.com\/avatar\/e934bf4dccb03bb498f1a2b80139c51b8e1b51233f5a87a3c2685247a1110687?s=96&d=mm&r=g\",\"caption\":\"Bernd\"},\"url\":\"https:\/\/berndluz.de\/fr\/author\/bernd\/\"}]}<\/script>\n<!-- \/ Yoast SEO plugin. -->","yoast_head_json":{"title":"FCB PopArts - Bernd Luz","robots":{"index":"index","follow":"follow","max-snippet":"max-snippet:-1","max-image-preview":"max-image-preview:large","max-video-preview":"max-video-preview:-1"},"canonical":"https:\/\/berndluz.de\/fr\/fcb-poparts\/","og_locale":"fr_FR","og_type":"article","og_title":"FCB PopArts - Bernd Luz","og_description":"[vc_row][vc_column width=\u00a0\u00bb2\/12&Prime;][\/vc_column][vc_column width=\u00a0\u00bb8\/12&Prime;][vc_single_image image=\u00a0\u00bb20032&Prime; img_size=\u00a0\u00bbfull\u00a0\u00bb alignment=\u00a0\u00bbcenter\u00a0\u00bb css_animation=\u00a0\u00bbappear\u00a0\u00bb][vc_custom_heading text=\u00a0\u00bbFC Bayern Pop Arts\u00a0\u00bb font_container=\u00a0\u00bbtag:h1|font_size:48px|text_align:center\u00a0\u00bb google_fonts=\u00a0\u00bbfont_family:Lobster%3Aregular|font_style:400%20regular%3A400%3Anormal\u00a0\u00bb][vc_separator color=\u00a0\u00bbcustom\u00a0\u00bb border_width=\u00a0\u00bb7&Prime; el_width=\u00a0\u00bb10&Prime; css=\u00a0\u00bb.vc_custom_1461334391720{margin-top: 5px !important;border-top-width: 5px !important;padding-top: 5px !important;}\u00a0\u00bb accent_color=\u00a0\u00bb#fe9306&Prime;][vc_column_text] PopArts f\u00fcr das neue B\u00fcrogeb\u00e4ude des FC Bayern in der S\u00e4bener Stra\u00dfe in M\u00fcnchen. [\/vc_column_text][vc_single_image image=\u00a0\u00bb20036&Prime; img_size=\u00a0\u00bbfull\u00a0\u00bb alignment=\u00a0\u00bbcenter\u00a0\u00bb css_animation=\u00a0\u00bbappear\u00a0\u00bb][vc_empty_space height=\u00a0\u00bb10px\u00a0\u00bb][vc_column_text css_animation=\u00a0\u00bbleft-to-right\u00a0\u00bb][\/vc_column_text][\/vc_column][vc_column width=\u00a0\u00bb2\/12&Prime;][\/vc_column][\/vc_row][vc_row][vc_column][vc_separator color=\u00a0\u00bbcustom\u00a0\u00bb align=\u00a0\u00bbalign_left\u00a0\u00bb border_width=\u00a0\u00bb2&Prime; accent_color=\u00a0\u00bb#fe9306&Prime;][\/vc_column][\/vc_row]","og_url":"https:\/\/berndluz.de\/fr\/fcb-poparts\/","og_site_name":"Bernd Luz","article_published_time":"2020-02-25T15:02:58+00:00","article_modified_time":"2024-09-19T12:24:11+00:00","og_image":[{"width":1024,"height":772,"url":"https:\/\/berndluz.de\/wp-content\/uploads\/2020\/02\/FCB-Titel-1024x772.jpg","type":"image\/jpeg"}],"author":"Bernd","twitter_card":"summary_large_image","twitter_misc":{"\u00c9crit par":"Bernd","Dur\u00e9e de lecture estim\u00e9e":"1 minute"},"schema":{"@context":"https:\/\/schema.org","@graph":[{"@type":"Article","@id":"https:\/\/berndluz.de\/fr\/fcb-poparts\/#article","isPartOf":{"@id":"https:\/\/berndluz.de\/fr\/fcb-poparts\/"},"author":{"name":"Bernd","@id":"https:\/\/berndluz.de\/fr\/#\/schema\/person\/e88e753e04ea35a116d5d72827d419c8"},"headline":"FCB PopArts","datePublished":"2020-02-25T15:02:58+00:00","dateModified":"2024-09-19T12:24:11+00:00","mainEntityOfPage":{"@id":"https:\/\/berndluz.de\/fr\/fcb-poparts\/"},"wordCount":157,"commentCount":0,"image":{"@id":"https:\/\/berndluz.de\/fr\/fcb-poparts\/#primaryimage"},"thumbnailUrl":"https:\/\/berndluz.de\/wp-content\/uploads\/2020\/02\/FCB-Titel.jpg","articleSection":["Newz"],"inLanguage":"fr-FR","potentialAction":[{"@type":"CommentAction","name":"Comment","target":["https:\/\/berndluz.de\/fr\/fcb-poparts\/#respond"]}]},{"@type":"WebPage","@id":"https:\/\/berndluz.de\/fr\/fcb-poparts\/","url":"https:\/\/berndluz.de\/fr\/fcb-poparts\/","name":"FCB PopArts - Bernd Luz","isPartOf":{"@id":"https:\/\/berndluz.de\/fr\/#website"},"primaryImageOfPage":{"@id":"https:\/\/berndluz.de\/fr\/fcb-poparts\/#primaryimage"},"image":{"@id":"https:\/\/berndluz.de\/fr\/fcb-poparts\/#primaryimage"},"thumbnailUrl":"https:\/\/berndluz.de\/wp-content\/uploads\/2020\/02\/FCB-Titel.jpg","datePublished":"2020-02-25T15:02:58+00:00","dateModified":"2024-09-19T12:24:11+00:00","author":{"@id":"https:\/\/berndluz.de\/fr\/#\/schema\/person\/e88e753e04ea35a116d5d72827d419c8"},"breadcrumb":{"@id":"https:\/\/berndluz.de\/fr\/fcb-poparts\/#breadcrumb"},"inLanguage":"fr-FR","potentialAction":[{"@type":"ReadAction","target":["https:\/\/berndluz.de\/fr\/fcb-poparts\/"]}]},{"@type":"ImageObject","inLanguage":"fr-FR","@id":"https:\/\/berndluz.de\/fr\/fcb-poparts\/#primaryimage","url":"https:\/\/berndluz.de\/wp-content\/uploads\/2020\/02\/FCB-Titel.jpg","contentUrl":"https:\/\/berndluz.de\/wp-content\/uploads\/2020\/02\/FCB-Titel.jpg","width":3580,"height":2700},{"@type":"BreadcrumbList","@id":"https:\/\/berndluz.de\/fr\/fcb-poparts\/#breadcrumb","itemListElement":[{"@type":"ListItem","position":1,"name":"Startseite","item":"https:\/\/berndluz.de\/fr\/"},{"@type":"ListItem","position":2,"name":"FCB PopArts"}]},{"@type":"WebSite","@id":"https:\/\/berndluz.de\/fr\/#website","url":"https:\/\/berndluz.de\/fr\/","name":"Bernd Luz","description":"Bernd Luz","potentialAction":[{"@type":"SearchAction","target":{"@type":"EntryPoint","urlTemplate":"https:\/\/berndluz.de\/fr\/?s={search_term_string}"},"query-input":{"@type":"PropertyValueSpecification","valueRequired":true,"valueName":"search_term_string"}}],"inLanguage":"fr-FR"},{"@type":"Person","@id":"https:\/\/berndluz.de\/fr\/#\/schema\/person\/e88e753e04ea35a116d5d72827d419c8","name":"Bernd","image":{"@type":"ImageObject","inLanguage":"fr-FR","@id":"https:\/\/berndluz.de\/fr\/#\/schema\/person\/image\/","url":"https:\/\/secure.gravatar.com\/avatar\/e934bf4dccb03bb498f1a2b80139c51b8e1b51233f5a87a3c2685247a1110687?s=96&d=mm&r=g","contentUrl":"https:\/\/secure.gravatar.com\/avatar\/e934bf4dccb03bb498f1a2b80139c51b8e1b51233f5a87a3c2685247a1110687?s=96&d=mm&r=g","caption":"Bernd"},"url":"https:\/\/berndluz.de\/fr\/author\/bernd\/"}]}},"_links":{"self":[{"href":"https:\/\/berndluz.de\/fr\/wp-json\/wp\/v2\/posts\/20030","targetHints":{"allow":["GET"]}}],"collection":[{"href":"https:\/\/berndluz.de\/fr\/wp-json\/wp\/v2\/posts"}],"about":[{"href":"https:\/\/berndluz.de\/fr\/wp-json\/wp\/v2\/types\/post"}],"author":[{"embeddable":true,"href":"https:\/\/berndluz.de\/fr\/wp-json\/wp\/v2\/users\/4"}],"replies":[{"embeddable":true,"href":"https:\/\/berndluz.de\/fr\/wp-json\/wp\/v2\/comments?post=20030"}],"version-history":[{"count":2,"href":"https:\/\/berndluz.de\/fr\/wp-json\/wp\/v2\/posts\/20030\/revisions"}],"predecessor-version":[{"id":26675,"href":"https:\/\/berndluz.de\/fr\/wp-json\/wp\/v2\/posts\/20030\/revisions\/26675"}],"wp:featuredmedia":[{"embeddable":true,"href":"https:\/\/berndluz.de\/fr\/wp-json\/wp\/v2\/media\/20046"}],"wp:attachment":[{"href":"https:\/\/berndluz.de\/fr\/wp-json\/wp\/v2\/media?parent=20030"}],"wp:term":[{"taxonomy":"category","embeddable":true,"href":"https:\/\/berndluz.de\/fr\/wp-json\/wp\/v2\/categories?post=20030"},{"taxonomy":"post_tag","embeddable":true,"href":"https:\/\/berndluz.de\/fr\/wp-json\/wp\/v2\/tags?post=20030"}],"curies":[{"name":"wp","href":"https:\/\/api.w.org\/{rel}","templated":true}]}}