{"id":20921,"date":"2020-06-15T12:47:17","date_gmt":"2020-06-15T10:47:17","guid":{"rendered":"https:\/\/berndluz.de\/?p=20921"},"modified":"2020-06-15T14:39:03","modified_gmt":"2020-06-15T12:39:03","slug":"patricklogiudice","status":"publish","type":"post","link":"https:\/\/berndluz.de\/fr\/patricklogiudice\/","title":{"rendered":"Patrick lo Giudice"},"content":{"rendered":"<div class=\"wpb-content-wrapper\"><p>[vc_row][vc_column width=\u00a0\u00bb2\/12&Prime;][\/vc_column][vc_column width=\u00a0\u00bb8\/12&Prime;][vc_single_image image=\u00a0\u00bb21004&Prime; img_size=\u00a0\u00bbfull\u00a0\u00bb css_animation=\u00a0\u00bbappear\u00a0\u00bb][vc_empty_space height=\u00a0\u00bb10px\u00a0\u00bb][vc_separator color=\u00a0\u00bbcustom\u00a0\u00bb border_width=\u00a0\u00bb7&Prime; el_width=\u00a0\u00bb10&Prime; accent_color=\u00a0\u00bb#fe9306&Prime; css=\u00a0\u00bb.vc_custom_1460038626695{margin-bottom: -10px !important;border-bottom-width: -10px !important;padding-bottom: -10px !important;}\u00a0\u00bb][vc_custom_heading text=\u00a0\u00bbPatrick Lo Giudice\u00a0\u00bb font_container=\u00a0\u00bbtag:h1|font_size:48px|text_align:center\u00a0\u00bb google_fonts=\u00a0\u00bbfont_family:Lobster%3Aregular|font_style:400%20regular%3A400%3Anormal\u00a0\u00bb][vc_separator color=\u00a0\u00bbcustom\u00a0\u00bb border_width=\u00a0\u00bb7&Prime; el_width=\u00a0\u00bb10&Prime; accent_color=\u00a0\u00bb#fe9306&Prime; css=\u00a0\u00bb.vc_custom_1461334391720{margin-top: 5px !important;border-top-width: 5px !important;padding-top: 5px !important;}\u00a0\u00bb][vc_empty_space height=\u00a0\u00bb10px\u00a0\u00bb][\/vc_column][vc_column width=\u00a0\u00bb2\/12&Prime;][\/vc_column][\/vc_row][vc_row][vc_column][vc_column_text]<\/p>\n<p style=\"text-align: center;\">Avec l&rsquo;artiste suisse d&rsquo;origine italienne Patrick Lo Giudice sp\u00e9cialis\u00e9 dans la peinture, le collage, la photographie et l&rsquo;encaustique, des expositions communautaires sont pr\u00e9vues.<\/p>\n<p style=\"text-align: center;\">Il est devenu connu d&rsquo;un public plus large pour la premi\u00e8re fois \u00e0 travers le cycle \u00ab\u00a0Le Code Lo Giudice\u00a0\u00bb, qui est controvers\u00e9 en raison du motif, des images de cire bas\u00e9es sur des photographies de c\u00e9l\u00e8bres meurtres mafieux.<\/p>\n<p>[\/vc_column_text][\/vc_column][\/vc_row][vc_row][vc_column width=\u00a0\u00bb1\/3&Prime;][vc_single_image image=\u00a0\u00bb20928&Prime; img_size=\u00a0\u00bbfull\u00a0\u00bb css_animation=\u00a0\u00bbappear\u00a0\u00bb][\/vc_column][vc_column width=\u00a0\u00bb1\/3&Prime;][vc_single_image image=\u00a0\u00bb20936&Prime; img_size=\u00a0\u00bbfull\u00a0\u00bb css_animation=\u00a0\u00bbappear\u00a0\u00bb][\/vc_column][vc_column width=\u00a0\u00bb1\/3&Prime;][vc_single_image image=\u00a0\u00bb20924&Prime; img_size=\u00a0\u00bbfull\u00a0\u00bb css_animation=\u00a0\u00bbappear\u00a0\u00bb][\/vc_column][\/vc_row]<\/p>\n<\/div>","protected":false},"excerpt":{"rendered":"<p>[vc_row][vc_column width=\u00a0\u00bb2\/12&Prime;][\/vc_column][vc_column width=\u00a0\u00bb8\/12&Prime;][vc_single_image image=\u00a0\u00bb21004&Prime; img_size=\u00a0\u00bbfull\u00a0\u00bb css_animation=\u00a0\u00bbappear\u00a0\u00bb][vc_empty_space height=\u00a0\u00bb10px\u00a0\u00bb][vc_separator color=\u00a0\u00bbcustom\u00a0\u00bb border_width=\u00a0\u00bb7&Prime; el_width=\u00a0\u00bb10&Prime; accent_color=\u00a0\u00bb#fe9306&Prime; css=\u00a0\u00bb.vc_custom_1460038626695{margin-bottom: -10px !important;border-bottom-width: -10px !important;padding-bottom: -10px !important;}\u00a0\u00bb][vc_custom_heading text=\u00a0\u00bbPatrick Lo Giudice\u00a0\u00bb font_container=\u00a0\u00bbtag:h1|font_size:48px|text_align:center\u00a0\u00bb google_fonts=\u00a0\u00bbfont_family:Lobster%3Aregular|font_style:400%20regular%3A400%3Anormal\u00a0\u00bb][vc_separator color=\u00a0\u00bbcustom\u00a0\u00bb border_width=\u00a0\u00bb7&Prime; el_width=\u00a0\u00bb10&Prime; accent_color=\u00a0\u00bb#fe9306&Prime; css=\u00a0\u00bb.vc_custom_1461334391720{margin-top: 5px !important;border-top-width: 5px !important;padding-top: 5px !important;}\u00a0\u00bb][vc_empty_space height=\u00a0\u00bb10px\u00a0\u00bb][\/vc_column][vc_column width=\u00a0\u00bb2\/12&Prime;][\/vc_column][\/vc_row][vc_row][vc_column][vc_column_text] Avec l&rsquo;artiste suisse d&rsquo;origine italienne Patrick Lo Giudice sp\u00e9cialis\u00e9 dans la peinture, le collage, la photographie et l&rsquo;encaustique, des [&hellip;]<\/p>\n","protected":false},"author":4,"featured_media":21035,"comment_status":"open","ping_status":"open","sticky":false,"template":"","format":"standard","meta":{"footnotes":""},"categories":[243],"tags":[617,618],"class_list":["post-20921","post","type-post","status-publish","format-standard","has-post-thumbnail","hentry","category-koops-fr","tag-kunst-fr","tag-bernd-luz-fr"],"yoast_head":"<!-- This site is optimized with the Yoast SEO plugin v26.8 - https:\/\/yoast.com\/product\/yoast-seo-wordpress\/ -->\n<title>Patrick lo Giudice - Bernd Luz<\/title>\n<meta name=\"robots\" content=\"index, follow, max-snippet:-1, max-image-preview:large, max-video-preview:-1\" \/>\n<link rel=\"canonical\" href=\"https:\/\/berndluz.de\/fr\/patricklogiudice\/\" \/>\n<meta property=\"og:locale\" content=\"fr_FR\" \/>\n<meta property=\"og:type\" content=\"article\" \/>\n<meta property=\"og:title\" content=\"Patrick lo Giudice - Bernd Luz\" \/>\n<meta property=\"og:description\" content=\"[vc_row][vc_column width=\u00a0\u00bb2\/12&Prime;][\/vc_column][vc_column width=\u00a0\u00bb8\/12&Prime;][vc_single_image image=\u00a0\u00bb21004&Prime; img_size=\u00a0\u00bbfull\u00a0\u00bb css_animation=\u00a0\u00bbappear\u00a0\u00bb][vc_empty_space height=\u00a0\u00bb10px\u00a0\u00bb][vc_separator color=\u00a0\u00bbcustom\u00a0\u00bb border_width=\u00a0\u00bb7&Prime; el_width=\u00a0\u00bb10&Prime; accent_color=\u00a0\u00bb#fe9306&Prime; css=\u00a0\u00bb.vc_custom_1460038626695{margin-bottom: -10px !important;border-bottom-width: -10px !important;padding-bottom: -10px !important;}\u00a0\u00bb][vc_custom_heading text=\u00a0\u00bbPatrick Lo Giudice\u00a0\u00bb font_container=\u00a0\u00bbtag:h1|font_size:48px|text_align:center\u00a0\u00bb google_fonts=\u00a0\u00bbfont_family:Lobster%3Aregular|font_style:400%20regular%3A400%3Anormal\u00a0\u00bb][vc_separator color=\u00a0\u00bbcustom\u00a0\u00bb border_width=\u00a0\u00bb7&Prime; el_width=\u00a0\u00bb10&Prime; accent_color=\u00a0\u00bb#fe9306&Prime; css=\u00a0\u00bb.vc_custom_1461334391720{margin-top: 5px !important;border-top-width: 5px !important;padding-top: 5px !important;}\u00a0\u00bb][vc_empty_space height=\u00a0\u00bb10px\u00a0\u00bb][\/vc_column][vc_column width=\u00a0\u00bb2\/12&Prime;][\/vc_column][\/vc_row][vc_row][vc_column][vc_column_text] Avec l&rsquo;artiste suisse d&rsquo;origine italienne Patrick Lo Giudice sp\u00e9cialis\u00e9 dans la peinture, le collage, la photographie et l&rsquo;encaustique, des [&hellip;]\" \/>\n<meta property=\"og:url\" content=\"https:\/\/berndluz.de\/fr\/patricklogiudice\/\" \/>\n<meta property=\"og:site_name\" content=\"Bernd Luz\" \/>\n<meta property=\"article:published_time\" content=\"2020-06-15T10:47:17+00:00\" \/>\n<meta property=\"article:modified_time\" content=\"2020-06-15T12:39:03+00:00\" \/>\n<meta property=\"og:image\" content=\"https:\/\/berndluz.de\/wp-content\/uploads\/2020\/06\/PatrickLoGiudice-Titel-1.jpg\" \/>\n\t<meta property=\"og:image:width\" content=\"560\" \/>\n\t<meta property=\"og:image:height\" content=\"370\" \/>\n\t<meta property=\"og:image:type\" content=\"image\/jpeg\" \/>\n<meta name=\"author\" content=\"Bernd\" \/>\n<meta name=\"twitter:card\" content=\"summary_large_image\" \/>\n<meta name=\"twitter:label1\" content=\"\u00c9crit par\" \/>\n\t<meta name=\"twitter:data1\" content=\"Bernd\" \/>\n\t<meta name=\"twitter:label2\" content=\"Dur\u00e9e de lecture estim\u00e9e\" \/>\n\t<meta name=\"twitter:data2\" content=\"1 minute\" \/>\n<script type=\"application\/ld+json\" class=\"yoast-schema-graph\">{\"@context\":\"https:\/\/schema.org\",\"@graph\":[{\"@type\":\"Article\",\"@id\":\"https:\/\/berndluz.de\/fr\/patricklogiudice\/#article\",\"isPartOf\":{\"@id\":\"https:\/\/berndluz.de\/fr\/patricklogiudice\/\"},\"author\":{\"name\":\"Bernd\",\"@id\":\"https:\/\/berndluz.de\/fr\/#\/schema\/person\/e88e753e04ea35a116d5d72827d419c8\"},\"headline\":\"Patrick lo Giudice\",\"datePublished\":\"2020-06-15T10:47:17+00:00\",\"dateModified\":\"2020-06-15T12:39:03+00:00\",\"mainEntityOfPage\":{\"@id\":\"https:\/\/berndluz.de\/fr\/patricklogiudice\/\"},\"wordCount\":253,\"commentCount\":0,\"image\":{\"@id\":\"https:\/\/berndluz.de\/fr\/patricklogiudice\/#primaryimage\"},\"thumbnailUrl\":\"https:\/\/berndluz.de\/wp-content\/uploads\/2020\/06\/PatrickLoGiudice-Titel-1.jpg\",\"keywords\":[\"Kunst\",\"Bernd Luz\"],\"articleSection\":[\"COOP\u00c9RATION\"],\"inLanguage\":\"fr-FR\",\"potentialAction\":[{\"@type\":\"CommentAction\",\"name\":\"Comment\",\"target\":[\"https:\/\/berndluz.de\/fr\/patricklogiudice\/#respond\"]}]},{\"@type\":\"WebPage\",\"@id\":\"https:\/\/berndluz.de\/fr\/patricklogiudice\/\",\"url\":\"https:\/\/berndluz.de\/fr\/patricklogiudice\/\",\"name\":\"Patrick lo Giudice - Bernd Luz\",\"isPartOf\":{\"@id\":\"https:\/\/berndluz.de\/fr\/#website\"},\"primaryImageOfPage\":{\"@id\":\"https:\/\/berndluz.de\/fr\/patricklogiudice\/#primaryimage\"},\"image\":{\"@id\":\"https:\/\/berndluz.de\/fr\/patricklogiudice\/#primaryimage\"},\"thumbnailUrl\":\"https:\/\/berndluz.de\/wp-content\/uploads\/2020\/06\/PatrickLoGiudice-Titel-1.jpg\",\"datePublished\":\"2020-06-15T10:47:17+00:00\",\"dateModified\":\"2020-06-15T12:39:03+00:00\",\"author\":{\"@id\":\"https:\/\/berndluz.de\/fr\/#\/schema\/person\/e88e753e04ea35a116d5d72827d419c8\"},\"breadcrumb\":{\"@id\":\"https:\/\/berndluz.de\/fr\/patricklogiudice\/#breadcrumb\"},\"inLanguage\":\"fr-FR\",\"potentialAction\":[{\"@type\":\"ReadAction\",\"target\":[\"https:\/\/berndluz.de\/fr\/patricklogiudice\/\"]}]},{\"@type\":\"ImageObject\",\"inLanguage\":\"fr-FR\",\"@id\":\"https:\/\/berndluz.de\/fr\/patricklogiudice\/#primaryimage\",\"url\":\"https:\/\/berndluz.de\/wp-content\/uploads\/2020\/06\/PatrickLoGiudice-Titel-1.jpg\",\"contentUrl\":\"https:\/\/berndluz.de\/wp-content\/uploads\/2020\/06\/PatrickLoGiudice-Titel-1.jpg\",\"width\":560,\"height\":370},{\"@type\":\"BreadcrumbList\",\"@id\":\"https:\/\/berndluz.de\/fr\/patricklogiudice\/#breadcrumb\",\"itemListElement\":[{\"@type\":\"ListItem\",\"position\":1,\"name\":\"Startseite\",\"item\":\"https:\/\/berndluz.de\/fr\/\"},{\"@type\":\"ListItem\",\"position\":2,\"name\":\"Patrick lo Giudice\"}]},{\"@type\":\"WebSite\",\"@id\":\"https:\/\/berndluz.de\/fr\/#website\",\"url\":\"https:\/\/berndluz.de\/fr\/\",\"name\":\"Bernd Luz\",\"description\":\"Bernd Luz\",\"potentialAction\":[{\"@type\":\"SearchAction\",\"target\":{\"@type\":\"EntryPoint\",\"urlTemplate\":\"https:\/\/berndluz.de\/fr\/?s={search_term_string}\"},\"query-input\":{\"@type\":\"PropertyValueSpecification\",\"valueRequired\":true,\"valueName\":\"search_term_string\"}}],\"inLanguage\":\"fr-FR\"},{\"@type\":\"Person\",\"@id\":\"https:\/\/berndluz.de\/fr\/#\/schema\/person\/e88e753e04ea35a116d5d72827d419c8\",\"name\":\"Bernd\",\"image\":{\"@type\":\"ImageObject\",\"inLanguage\":\"fr-FR\",\"@id\":\"https:\/\/berndluz.de\/fr\/#\/schema\/person\/image\/\",\"url\":\"https:\/\/secure.gravatar.com\/avatar\/e934bf4dccb03bb498f1a2b80139c51b8e1b51233f5a87a3c2685247a1110687?s=96&d=mm&r=g\",\"contentUrl\":\"https:\/\/secure.gravatar.com\/avatar\/e934bf4dccb03bb498f1a2b80139c51b8e1b51233f5a87a3c2685247a1110687?s=96&d=mm&r=g\",\"caption\":\"Bernd\"},\"url\":\"https:\/\/berndluz.de\/fr\/author\/bernd\/\"}]}<\/script>\n<!-- \/ Yoast SEO plugin. -->","yoast_head_json":{"title":"Patrick lo Giudice - Bernd Luz","robots":{"index":"index","follow":"follow","max-snippet":"max-snippet:-1","max-image-preview":"max-image-preview:large","max-video-preview":"max-video-preview:-1"},"canonical":"https:\/\/berndluz.de\/fr\/patricklogiudice\/","og_locale":"fr_FR","og_type":"article","og_title":"Patrick lo Giudice - Bernd Luz","og_description":"[vc_row][vc_column width=\u00a0\u00bb2\/12&Prime;][\/vc_column][vc_column width=\u00a0\u00bb8\/12&Prime;][vc_single_image image=\u00a0\u00bb21004&Prime; img_size=\u00a0\u00bbfull\u00a0\u00bb css_animation=\u00a0\u00bbappear\u00a0\u00bb][vc_empty_space height=\u00a0\u00bb10px\u00a0\u00bb][vc_separator color=\u00a0\u00bbcustom\u00a0\u00bb border_width=\u00a0\u00bb7&Prime; el_width=\u00a0\u00bb10&Prime; accent_color=\u00a0\u00bb#fe9306&Prime; css=\u00a0\u00bb.vc_custom_1460038626695{margin-bottom: -10px !important;border-bottom-width: -10px !important;padding-bottom: -10px !important;}\u00a0\u00bb][vc_custom_heading text=\u00a0\u00bbPatrick Lo Giudice\u00a0\u00bb font_container=\u00a0\u00bbtag:h1|font_size:48px|text_align:center\u00a0\u00bb google_fonts=\u00a0\u00bbfont_family:Lobster%3Aregular|font_style:400%20regular%3A400%3Anormal\u00a0\u00bb][vc_separator color=\u00a0\u00bbcustom\u00a0\u00bb border_width=\u00a0\u00bb7&Prime; el_width=\u00a0\u00bb10&Prime; accent_color=\u00a0\u00bb#fe9306&Prime; css=\u00a0\u00bb.vc_custom_1461334391720{margin-top: 5px !important;border-top-width: 5px !important;padding-top: 5px !important;}\u00a0\u00bb][vc_empty_space height=\u00a0\u00bb10px\u00a0\u00bb][\/vc_column][vc_column width=\u00a0\u00bb2\/12&Prime;][\/vc_column][\/vc_row][vc_row][vc_column][vc_column_text] Avec l&rsquo;artiste suisse d&rsquo;origine italienne Patrick Lo Giudice sp\u00e9cialis\u00e9 dans la peinture, le collage, la photographie et l&rsquo;encaustique, des [&hellip;]","og_url":"https:\/\/berndluz.de\/fr\/patricklogiudice\/","og_site_name":"Bernd Luz","article_published_time":"2020-06-15T10:47:17+00:00","article_modified_time":"2020-06-15T12:39:03+00:00","og_image":[{"width":560,"height":370,"url":"https:\/\/berndluz.de\/wp-content\/uploads\/2020\/06\/PatrickLoGiudice-Titel-1.jpg","type":"image\/jpeg"}],"author":"Bernd","twitter_card":"summary_large_image","twitter_misc":{"\u00c9crit par":"Bernd","Dur\u00e9e de lecture estim\u00e9e":"1 minute"},"schema":{"@context":"https:\/\/schema.org","@graph":[{"@type":"Article","@id":"https:\/\/berndluz.de\/fr\/patricklogiudice\/#article","isPartOf":{"@id":"https:\/\/berndluz.de\/fr\/patricklogiudice\/"},"author":{"name":"Bernd","@id":"https:\/\/berndluz.de\/fr\/#\/schema\/person\/e88e753e04ea35a116d5d72827d419c8"},"headline":"Patrick lo Giudice","datePublished":"2020-06-15T10:47:17+00:00","dateModified":"2020-06-15T12:39:03+00:00","mainEntityOfPage":{"@id":"https:\/\/berndluz.de\/fr\/patricklogiudice\/"},"wordCount":253,"commentCount":0,"image":{"@id":"https:\/\/berndluz.de\/fr\/patricklogiudice\/#primaryimage"},"thumbnailUrl":"https:\/\/berndluz.de\/wp-content\/uploads\/2020\/06\/PatrickLoGiudice-Titel-1.jpg","keywords":["Kunst","Bernd Luz"],"articleSection":["COOP\u00c9RATION"],"inLanguage":"fr-FR","potentialAction":[{"@type":"CommentAction","name":"Comment","target":["https:\/\/berndluz.de\/fr\/patricklogiudice\/#respond"]}]},{"@type":"WebPage","@id":"https:\/\/berndluz.de\/fr\/patricklogiudice\/","url":"https:\/\/berndluz.de\/fr\/patricklogiudice\/","name":"Patrick lo Giudice - Bernd Luz","isPartOf":{"@id":"https:\/\/berndluz.de\/fr\/#website"},"primaryImageOfPage":{"@id":"https:\/\/berndluz.de\/fr\/patricklogiudice\/#primaryimage"},"image":{"@id":"https:\/\/berndluz.de\/fr\/patricklogiudice\/#primaryimage"},"thumbnailUrl":"https:\/\/berndluz.de\/wp-content\/uploads\/2020\/06\/PatrickLoGiudice-Titel-1.jpg","datePublished":"2020-06-15T10:47:17+00:00","dateModified":"2020-06-15T12:39:03+00:00","author":{"@id":"https:\/\/berndluz.de\/fr\/#\/schema\/person\/e88e753e04ea35a116d5d72827d419c8"},"breadcrumb":{"@id":"https:\/\/berndluz.de\/fr\/patricklogiudice\/#breadcrumb"},"inLanguage":"fr-FR","potentialAction":[{"@type":"ReadAction","target":["https:\/\/berndluz.de\/fr\/patricklogiudice\/"]}]},{"@type":"ImageObject","inLanguage":"fr-FR","@id":"https:\/\/berndluz.de\/fr\/patricklogiudice\/#primaryimage","url":"https:\/\/berndluz.de\/wp-content\/uploads\/2020\/06\/PatrickLoGiudice-Titel-1.jpg","contentUrl":"https:\/\/berndluz.de\/wp-content\/uploads\/2020\/06\/PatrickLoGiudice-Titel-1.jpg","width":560,"height":370},{"@type":"BreadcrumbList","@id":"https:\/\/berndluz.de\/fr\/patricklogiudice\/#breadcrumb","itemListElement":[{"@type":"ListItem","position":1,"name":"Startseite","item":"https:\/\/berndluz.de\/fr\/"},{"@type":"ListItem","position":2,"name":"Patrick lo Giudice"}]},{"@type":"WebSite","@id":"https:\/\/berndluz.de\/fr\/#website","url":"https:\/\/berndluz.de\/fr\/","name":"Bernd Luz","description":"Bernd Luz","potentialAction":[{"@type":"SearchAction","target":{"@type":"EntryPoint","urlTemplate":"https:\/\/berndluz.de\/fr\/?s={search_term_string}"},"query-input":{"@type":"PropertyValueSpecification","valueRequired":true,"valueName":"search_term_string"}}],"inLanguage":"fr-FR"},{"@type":"Person","@id":"https:\/\/berndluz.de\/fr\/#\/schema\/person\/e88e753e04ea35a116d5d72827d419c8","name":"Bernd","image":{"@type":"ImageObject","inLanguage":"fr-FR","@id":"https:\/\/berndluz.de\/fr\/#\/schema\/person\/image\/","url":"https:\/\/secure.gravatar.com\/avatar\/e934bf4dccb03bb498f1a2b80139c51b8e1b51233f5a87a3c2685247a1110687?s=96&d=mm&r=g","contentUrl":"https:\/\/secure.gravatar.com\/avatar\/e934bf4dccb03bb498f1a2b80139c51b8e1b51233f5a87a3c2685247a1110687?s=96&d=mm&r=g","caption":"Bernd"},"url":"https:\/\/berndluz.de\/fr\/author\/bernd\/"}]}},"_links":{"self":[{"href":"https:\/\/berndluz.de\/fr\/wp-json\/wp\/v2\/posts\/20921","targetHints":{"allow":["GET"]}}],"collection":[{"href":"https:\/\/berndluz.de\/fr\/wp-json\/wp\/v2\/posts"}],"about":[{"href":"https:\/\/berndluz.de\/fr\/wp-json\/wp\/v2\/types\/post"}],"author":[{"embeddable":true,"href":"https:\/\/berndluz.de\/fr\/wp-json\/wp\/v2\/users\/4"}],"replies":[{"embeddable":true,"href":"https:\/\/berndluz.de\/fr\/wp-json\/wp\/v2\/comments?post=20921"}],"version-history":[{"count":3,"href":"https:\/\/berndluz.de\/fr\/wp-json\/wp\/v2\/posts\/20921\/revisions"}],"predecessor-version":[{"id":21008,"href":"https:\/\/berndluz.de\/fr\/wp-json\/wp\/v2\/posts\/20921\/revisions\/21008"}],"wp:featuredmedia":[{"embeddable":true,"href":"https:\/\/berndluz.de\/fr\/wp-json\/wp\/v2\/media\/21035"}],"wp:attachment":[{"href":"https:\/\/berndluz.de\/fr\/wp-json\/wp\/v2\/media?parent=20921"}],"wp:term":[{"taxonomy":"category","embeddable":true,"href":"https:\/\/berndluz.de\/fr\/wp-json\/wp\/v2\/categories?post=20921"},{"taxonomy":"post_tag","embeddable":true,"href":"https:\/\/berndluz.de\/fr\/wp-json\/wp\/v2\/tags?post=20921"}],"curies":[{"name":"wp","href":"https:\/\/api.w.org\/{rel}","templated":true}]}}