{"id":8012,"date":"2016-05-11T08:40:37","date_gmt":"2016-05-11T06:40:37","guid":{"rendered":"http:\/\/berndluz.de\/ru\/artbike-2\/"},"modified":"2019-06-06T09:11:52","modified_gmt":"2019-06-06T07:11:52","slug":"artbike-2","status":"publish","type":"post","link":"https:\/\/berndluz.de\/fr\/artbike-2\/","title":{"rendered":"ArtBike"},"content":{"rendered":"<div class=\"wpb-content-wrapper\"><p>[vc_row][vc_column width=\u00a0\u00bb2\/12&Prime;][\/vc_column][vc_column width=\u00a0\u00bb8\/12&Prime;][vc_single_image image=\u00a0\u00bb12697&Prime; img_size=\u00a0\u00bbfull\u00a0\u00bb alignment=\u00a0\u00bbcenter\u00a0\u00bb css_animation=\u00a0\u00bbappear\u00a0\u00bb][vc_single_image image=\u00a0\u00bb12701&Prime; img_size=\u00a0\u00bbfull\u00a0\u00bb alignment=\u00a0\u00bbcenter\u00a0\u00bb css_animation=\u00a0\u00bbappear\u00a0\u00bb][vc_separator color=\u00a0\u00bbcustom\u00a0\u00bb border_width=\u00a0\u00bb7&Prime; el_width=\u00a0\u00bb10&Prime; accent_color=\u00a0\u00bb#fe9306&Prime; css=\u00a0\u00bb.vc_custom_1460038626695{margin-bottom: -10px !important;border-bottom-width: -10px !important;padding-bottom: -10px !important;}\u00a0\u00bb][vc_custom_heading text=\u00a0\u00bbArtBike \u00ab\u00a0Colorstorm\u00ab\u00a0\u00a0\u00bb font_container=\u00a0\u00bbtag:h1|font_size:48px|text_align:center\u00a0\u00bb google_fonts=\u00a0\u00bbfont_family:Lobster%3Aregular|font_style:400%20regular%3A400%3Anormal\u00a0\u00bb][vc_separator color=\u00a0\u00bbcustom\u00a0\u00bb border_width=\u00a0\u00bb7&Prime; el_width=\u00a0\u00bb10&Prime; accent_color=\u00a0\u00bb#fe9306&Prime; css=\u00a0\u00bb.vc_custom_1461334391720{margin-top: 5px !important;border-top-width: 5px !important;padding-top: 5px !important;}\u00a0\u00bb][vc_empty_space height=\u00a0\u00bb10px\u00a0\u00bb][vc_column_text css_animation=\u00a0\u00bbleft-to-right\u00a0\u00bb]<\/p>\n<p style=\"text-align: center;\">Le ArtBike \u00ab\u00a0Colorstorm\u00a0\u00bb a \u00e9t\u00e9 produit en collaboration avec Marcel Ferraro pour le fabricant de v\u00e9los renomm\u00e9 Campagnolo. Les pneus \u00e9taient sponsoris\u00e9s par le fabricant de pneus Schwalbe.<\/p>\n<p>[\/vc_column_text][\/vc_column][vc_column width=\u00a0\u00bb2\/12&Prime;][\/vc_column][\/vc_row][vc_row][vc_column width=\u00a0\u00bb2\/12&Prime;][\/vc_column][vc_column width=\u00a0\u00bb4\/12&Prime;][vc_column_text css_animation=\u00a0\u00bbleft-to-right\u00a0\u00bb]\u00a0\u00bbRetrospective AbstractPop\u00a0\u00bb dans le bureau de district de Tuttlingen, 2016[\/vc_column_text][vc_single_image image=\u00a0\u00bb14490&Prime; img_size=\u00a0\u00bbfull\u00a0\u00bb alignment=\u00a0\u00bbcenter\u00a0\u00bb css_animation=\u00a0\u00bbappear\u00a0\u00bb][\/vc_column][vc_column width=\u00a0\u00bb4\/12&Prime;][vc_column_text css_animation=\u00a0\u00bbleft-to-right\u00a0\u00bb]Mus\u00e9e allemand du v\u00e9lo et de la NSU \u00e0 Neckarsulm, 2017[\/vc_column_text][vc_single_image image=\u00a0\u00bb14498&Prime; img_size=\u00a0\u00bbfull\u00a0\u00bb alignment=\u00a0\u00bbcenter\u00a0\u00bb css_animation=\u00a0\u00bbappear\u00a0\u00bb][\/vc_column][vc_column width=\u00a0\u00bb2\/12&Prime;][\/vc_column][\/vc_row][vc_row][vc_column width=\u00a0\u00bb2\/12&Prime;][\/vc_column][vc_column width=\u00a0\u00bb8\/12&Prime;][vc_column_text css_animation=\u00a0\u00bbleft-to-right\u00a0\u00bb]<\/p>\n<p style=\"text-align: center;\">Enfin, ArtBike sera expos\u00e9 en permanence \u00e0 Campagnolo \u00e0 Vicenza, en Italie.<\/p>\n<p>[\/vc_column_text][vc_separator color=\u00a0\u00bbcustom\u00a0\u00bb align=\u00a0\u00bbalign_left\u00a0\u00bb border_width=\u00a0\u00bb2&Prime; accent_color=\u00a0\u00bb#fe9306&Prime;][vc_column_text css_animation=\u00a0\u00bbleft-to-right\u00a0\u00bb]<\/p>\n<p style=\"text-align: center;\"><strong>Donn\u00e9es techniques<\/strong><\/p>\n<p>&nbsp;<\/p>\n<p style=\"text-align: center;\">Ann\u00e9e d&rsquo;origine 2016<br \/>\nseules les pi\u00e8ces en carbone sont install\u00e9es<br \/>\nValeur 35 \u00e0 50 000 euros<br \/>\nCadre FR3SPRT Strada Carbonio Leggera<br \/>\nPoids environ 1050 grammes non peints<br \/>\nTaille du cadre 56, taille du mobile 175 \u00e0 185<br \/>\nPoids du conducteur autoris\u00e9 120 kg<br \/>\nCircuit Groupe Campagnolo \u00ab\u00a0Super Record\u00a0\u00bb<br \/>\nRoues Campagnolo BORA<br \/>\nPneus Schwalbe Pro One<\/p>\n<p>[\/vc_column_text][vc_separator color=\u00a0\u00bbcustom\u00a0\u00bb align=\u00a0\u00bbalign_left\u00a0\u00bb border_width=\u00a0\u00bb2&Prime; accent_color=\u00a0\u00bb#fe9306&Prime;][vc_column_text css_animation=\u00a0\u00bbleft-to-right\u00a0\u00bb]<\/p>\n<p style=\"text-align: center;\"><strong>Production<\/strong><\/p>\n<p>[\/vc_column_text][\/vc_column][vc_column width=\u00a0\u00bb2\/12&Prime;][\/vc_column][\/vc_row][vc_row][vc_column width=\u00a0\u00bb2\/12&Prime;][\/vc_column][vc_column width=\u00a0\u00bb4\/12&Prime;][vc_single_image image=\u00a0\u00bb6000&Prime; img_size=\u00a0\u00bbfull\u00a0\u00bb alignment=\u00a0\u00bbcenter\u00a0\u00bb css_animation=\u00a0\u00bbappear\u00a0\u00bb][vc_single_image image=\u00a0\u00bb6738&Prime; img_size=\u00a0\u00bbfull\u00a0\u00bb alignment=\u00a0\u00bbcenter\u00a0\u00bb css_animation=\u00a0\u00bbappear\u00a0\u00bb][vc_single_image image=\u00a0\u00bb6730&Prime; img_size=\u00a0\u00bbfull\u00a0\u00bb alignment=\u00a0\u00bbcenter\u00a0\u00bb css_animation=\u00a0\u00bbappear\u00a0\u00bb][\/vc_column][vc_column width=\u00a0\u00bb4\/12&Prime;][vc_single_image image=\u00a0\u00bb6004&Prime; img_size=\u00a0\u00bbfull\u00a0\u00bb alignment=\u00a0\u00bbcenter\u00a0\u00bb css_animation=\u00a0\u00bbappear\u00a0\u00bb][vc_single_image image=\u00a0\u00bb6734&Prime; img_size=\u00a0\u00bbfull\u00a0\u00bb alignment=\u00a0\u00bbcenter\u00a0\u00bb css_animation=\u00a0\u00bbappear\u00a0\u00bb][vc_single_image image=\u00a0\u00bb8990&Prime; img_size=\u00a0\u00bbfull\u00a0\u00bb alignment=\u00a0\u00bbcenter\u00a0\u00bb css_animation=\u00a0\u00bbappear\u00a0\u00bb][\/vc_column][vc_column width=\u00a0\u00bb2\/12&Prime;][\/vc_column][\/vc_row][vc_row][vc_column width=\u00a0\u00bb2\/12&Prime;][\/vc_column][vc_column width=\u00a0\u00bb8\/12&Prime;][vc_separator color=\u00a0\u00bbcustom\u00a0\u00bb align=\u00a0\u00bbalign_left\u00a0\u00bb border_width=\u00a0\u00bb2&Prime; accent_color=\u00a0\u00bb#fe9306&Prime;][vc_single_image image=\u00a0\u00bb14506&Prime; img_size=\u00a0\u00bbfull\u00a0\u00bb alignment=\u00a0\u00bbcenter\u00a0\u00bb css_animation=\u00a0\u00bbappear\u00a0\u00bb][vc_column_text css_animation=\u00a0\u00bbleft-to-right\u00a0\u00bb]<br \/>\n<strong>via Campagnolo<\/strong><br \/>\nLa soci\u00e9t\u00e9 italienne traditionnelle Campagnolo est le fabricant le plus important de la technologie du v\u00e9lo. Au 62 Tour de France depuis la Seconde Guerre mondiale, 40x pilotes ont gagn\u00e9 avec du \u00ab\u00a0mat\u00e9riel\u00a0\u00bb de Campagnolo. Les 22 soci\u00e9t\u00e9s restantes se partagent 6 fabricants, y compris Shimano.<\/p>\n<p>Le nom de marque est souvent abr\u00e9g\u00e9 en \u00ab\u00a0Campa\u00a0\u00bb. La soci\u00e9t\u00e9 a \u00e9t\u00e9 fond\u00e9e en 1933 par Tullio Campagnolo et est aujourd&rsquo;hui dirig\u00e9e par son fils Valentino Campagnolo.<\/p>\n<p>Campagnolo ne produit actuellement que des composants de la plus haute qualit\u00e9 pour les v\u00e9los de course. Il n&rsquo;y a pas de groupes de commutation et de composants plus fins sur le march\u00e9. Juste ce qu&rsquo;il faut pour un Artbike. Une technologie parfaite dans un design parfait!<\/p>\n<p><strong>Art utilis\u00e9<\/strong><br \/>\nLa base du Campagnolo Super Artbike est l\u2019\u0153uvre \u00ab\u00a0Orange Colorstorm\u00a0\u00bb, une peinture acrylique abstraite sur toile de 200 x 50 cm.<br \/>\n[\/vc_column_text][vc_separator color=\u00a0\u00bbcustom\u00a0\u00bb align=\u00a0\u00bbalign_left\u00a0\u00bb border_width=\u00a0\u00bb2&Prime; accent_color=\u00a0\u00bb#fe9306&Prime;][\/vc_column][vc_column width=\u00a0\u00bb2\/12&Prime;][\/vc_column][\/vc_row]<\/p>\n<\/div>","protected":false},"excerpt":{"rendered":"<p>[vc_row][vc_column width=\u00a0\u00bb2\/12&Prime;][\/vc_column][vc_column width=\u00a0\u00bb8\/12&Prime;][vc_single_image image=\u00a0\u00bb12697&Prime; img_size=\u00a0\u00bbfull\u00a0\u00bb alignment=\u00a0\u00bbcenter\u00a0\u00bb css_animation=\u00a0\u00bbappear\u00a0\u00bb][vc_single_image image=\u00a0\u00bb12701&Prime; img_size=\u00a0\u00bbfull\u00a0\u00bb alignment=\u00a0\u00bbcenter\u00a0\u00bb css_animation=\u00a0\u00bbappear\u00a0\u00bb][vc_separator color=\u00a0\u00bbcustom\u00a0\u00bb border_width=\u00a0\u00bb7&Prime; el_width=\u00a0\u00bb10&Prime; accent_color=\u00a0\u00bb#fe9306&Prime; css=\u00a0\u00bb.vc_custom_1460038626695{margin-bottom: -10px !important;border-bottom-width: -10px !important;padding-bottom: -10px !important;}\u00a0\u00bb][vc_custom_heading text=\u00a0\u00bbArtBike \u00ab\u00a0Colorstorm\u00ab\u00a0\u00a0\u00bb font_container=\u00a0\u00bbtag:h1|font_size:48px|text_align:center\u00a0\u00bb google_fonts=\u00a0\u00bbfont_family:Lobster%3Aregular|font_style:400%20regular%3A400%3Anormal\u00a0\u00bb][vc_separator color=\u00a0\u00bbcustom\u00a0\u00bb border_width=\u00a0\u00bb7&Prime; el_width=\u00a0\u00bb10&Prime; accent_color=\u00a0\u00bb#fe9306&Prime; css=\u00a0\u00bb.vc_custom_1461334391720{margin-top: 5px !important;border-top-width: 5px !important;padding-top: 5px !important;}\u00a0\u00bb][vc_empty_space height=\u00a0\u00bb10px\u00a0\u00bb][vc_column_text css_animation=\u00a0\u00bbleft-to-right\u00a0\u00bb] Le ArtBike \u00ab\u00a0Colorstorm\u00a0\u00bb a \u00e9t\u00e9 produit en collaboration avec Marcel Ferraro pour le fabricant de v\u00e9los [&hellip;]<\/p>\n","protected":false},"author":4,"featured_media":2664,"comment_status":"open","ping_status":"open","sticky":false,"template":"","format":"standard","meta":{"footnotes":""},"categories":[193,46],"tags":[],"class_list":["post-8012","post","type-post","status-publish","format-standard","has-post-thumbnail","hentry","category-art-sur-les-produits","category-produktart-de"],"yoast_head":"<!-- This site is optimized with the Yoast SEO plugin v26.8 - https:\/\/yoast.com\/product\/yoast-seo-wordpress\/ -->\n<title>ArtBike - Bernd Luz<\/title>\n<meta name=\"robots\" content=\"index, follow, max-snippet:-1, max-image-preview:large, max-video-preview:-1\" \/>\n<link rel=\"canonical\" href=\"https:\/\/berndluz.de\/fr\/artbike-2\/\" \/>\n<meta property=\"og:locale\" content=\"fr_FR\" \/>\n<meta property=\"og:type\" content=\"article\" \/>\n<meta property=\"og:title\" content=\"ArtBike - Bernd Luz\" \/>\n<meta property=\"og:description\" content=\"[vc_row][vc_column width=\u00a0\u00bb2\/12&Prime;][\/vc_column][vc_column width=\u00a0\u00bb8\/12&Prime;][vc_single_image image=\u00a0\u00bb12697&Prime; img_size=\u00a0\u00bbfull\u00a0\u00bb alignment=\u00a0\u00bbcenter\u00a0\u00bb css_animation=\u00a0\u00bbappear\u00a0\u00bb][vc_single_image image=\u00a0\u00bb12701&Prime; img_size=\u00a0\u00bbfull\u00a0\u00bb alignment=\u00a0\u00bbcenter\u00a0\u00bb css_animation=\u00a0\u00bbappear\u00a0\u00bb][vc_separator color=\u00a0\u00bbcustom\u00a0\u00bb border_width=\u00a0\u00bb7&Prime; el_width=\u00a0\u00bb10&Prime; accent_color=\u00a0\u00bb#fe9306&Prime; css=\u00a0\u00bb.vc_custom_1460038626695{margin-bottom: -10px !important;border-bottom-width: -10px !important;padding-bottom: -10px !important;}\u00a0\u00bb][vc_custom_heading text=\u00a0\u00bbArtBike \u00ab\u00a0Colorstorm\u00ab\u00a0\u00a0\u00bb font_container=\u00a0\u00bbtag:h1|font_size:48px|text_align:center\u00a0\u00bb google_fonts=\u00a0\u00bbfont_family:Lobster%3Aregular|font_style:400%20regular%3A400%3Anormal\u00a0\u00bb][vc_separator color=\u00a0\u00bbcustom\u00a0\u00bb border_width=\u00a0\u00bb7&Prime; el_width=\u00a0\u00bb10&Prime; accent_color=\u00a0\u00bb#fe9306&Prime; css=\u00a0\u00bb.vc_custom_1461334391720{margin-top: 5px !important;border-top-width: 5px !important;padding-top: 5px !important;}\u00a0\u00bb][vc_empty_space height=\u00a0\u00bb10px\u00a0\u00bb][vc_column_text css_animation=\u00a0\u00bbleft-to-right\u00a0\u00bb] Le ArtBike \u00ab\u00a0Colorstorm\u00a0\u00bb a \u00e9t\u00e9 produit en collaboration avec Marcel Ferraro pour le fabricant de v\u00e9los [&hellip;]\" \/>\n<meta property=\"og:url\" content=\"https:\/\/berndluz.de\/fr\/artbike-2\/\" \/>\n<meta property=\"og:site_name\" content=\"Bernd Luz\" \/>\n<meta property=\"article:published_time\" content=\"2016-05-11T06:40:37+00:00\" \/>\n<meta property=\"article:modified_time\" content=\"2019-06-06T07:11:52+00:00\" \/>\n<meta property=\"og:image\" content=\"https:\/\/berndluz.de\/wp-content\/uploads\/2016\/05\/Campagnolo_01.jpg\" \/>\n\t<meta property=\"og:image:width\" content=\"560\" \/>\n\t<meta property=\"og:image:height\" content=\"370\" \/>\n\t<meta property=\"og:image:type\" content=\"image\/jpeg\" \/>\n<meta name=\"author\" content=\"Bernd\" \/>\n<meta name=\"twitter:card\" content=\"summary_large_image\" \/>\n<meta name=\"twitter:label1\" content=\"\u00c9crit par\" \/>\n\t<meta name=\"twitter:data1\" content=\"Bernd\" \/>\n\t<meta name=\"twitter:label2\" content=\"Dur\u00e9e de lecture estim\u00e9e\" \/>\n\t<meta name=\"twitter:data2\" content=\"3 minutes\" \/>\n<script type=\"application\/ld+json\" class=\"yoast-schema-graph\">{\"@context\":\"https:\/\/schema.org\",\"@graph\":[{\"@type\":\"Article\",\"@id\":\"https:\/\/berndluz.de\/fr\/artbike-2\/#article\",\"isPartOf\":{\"@id\":\"https:\/\/berndluz.de\/fr\/artbike-2\/\"},\"author\":{\"name\":\"Bernd\",\"@id\":\"https:\/\/berndluz.de\/fr\/#\/schema\/person\/e88e753e04ea35a116d5d72827d419c8\"},\"headline\":\"ArtBike\",\"datePublished\":\"2016-05-11T06:40:37+00:00\",\"dateModified\":\"2019-06-06T07:11:52+00:00\",\"mainEntityOfPage\":{\"@id\":\"https:\/\/berndluz.de\/fr\/artbike-2\/\"},\"wordCount\":698,\"commentCount\":0,\"image\":{\"@id\":\"https:\/\/berndluz.de\/fr\/artbike-2\/#primaryimage\"},\"thumbnailUrl\":\"https:\/\/berndluz.de\/wp-content\/uploads\/2016\/05\/Campagnolo_01.jpg\",\"articleSection\":[\"ART SUR LES PRODUITS\",\"PROJEKTKUNST\"],\"inLanguage\":\"fr-FR\",\"potentialAction\":[{\"@type\":\"CommentAction\",\"name\":\"Comment\",\"target\":[\"https:\/\/berndluz.de\/fr\/artbike-2\/#respond\"]}]},{\"@type\":\"WebPage\",\"@id\":\"https:\/\/berndluz.de\/fr\/artbike-2\/\",\"url\":\"https:\/\/berndluz.de\/fr\/artbike-2\/\",\"name\":\"ArtBike - Bernd Luz\",\"isPartOf\":{\"@id\":\"https:\/\/berndluz.de\/fr\/#website\"},\"primaryImageOfPage\":{\"@id\":\"https:\/\/berndluz.de\/fr\/artbike-2\/#primaryimage\"},\"image\":{\"@id\":\"https:\/\/berndluz.de\/fr\/artbike-2\/#primaryimage\"},\"thumbnailUrl\":\"https:\/\/berndluz.de\/wp-content\/uploads\/2016\/05\/Campagnolo_01.jpg\",\"datePublished\":\"2016-05-11T06:40:37+00:00\",\"dateModified\":\"2019-06-06T07:11:52+00:00\",\"author\":{\"@id\":\"https:\/\/berndluz.de\/fr\/#\/schema\/person\/e88e753e04ea35a116d5d72827d419c8\"},\"breadcrumb\":{\"@id\":\"https:\/\/berndluz.de\/fr\/artbike-2\/#breadcrumb\"},\"inLanguage\":\"fr-FR\",\"potentialAction\":[{\"@type\":\"ReadAction\",\"target\":[\"https:\/\/berndluz.de\/fr\/artbike-2\/\"]}]},{\"@type\":\"ImageObject\",\"inLanguage\":\"fr-FR\",\"@id\":\"https:\/\/berndluz.de\/fr\/artbike-2\/#primaryimage\",\"url\":\"https:\/\/berndluz.de\/wp-content\/uploads\/2016\/05\/Campagnolo_01.jpg\",\"contentUrl\":\"https:\/\/berndluz.de\/wp-content\/uploads\/2016\/05\/Campagnolo_01.jpg\",\"width\":560,\"height\":370},{\"@type\":\"BreadcrumbList\",\"@id\":\"https:\/\/berndluz.de\/fr\/artbike-2\/#breadcrumb\",\"itemListElement\":[{\"@type\":\"ListItem\",\"position\":1,\"name\":\"Startseite\",\"item\":\"https:\/\/berndluz.de\/fr\/\"},{\"@type\":\"ListItem\",\"position\":2,\"name\":\"ArtBike\"}]},{\"@type\":\"WebSite\",\"@id\":\"https:\/\/berndluz.de\/fr\/#website\",\"url\":\"https:\/\/berndluz.de\/fr\/\",\"name\":\"Bernd Luz\",\"description\":\"Bernd Luz\",\"potentialAction\":[{\"@type\":\"SearchAction\",\"target\":{\"@type\":\"EntryPoint\",\"urlTemplate\":\"https:\/\/berndluz.de\/fr\/?s={search_term_string}\"},\"query-input\":{\"@type\":\"PropertyValueSpecification\",\"valueRequired\":true,\"valueName\":\"search_term_string\"}}],\"inLanguage\":\"fr-FR\"},{\"@type\":\"Person\",\"@id\":\"https:\/\/berndluz.de\/fr\/#\/schema\/person\/e88e753e04ea35a116d5d72827d419c8\",\"name\":\"Bernd\",\"image\":{\"@type\":\"ImageObject\",\"inLanguage\":\"fr-FR\",\"@id\":\"https:\/\/berndluz.de\/fr\/#\/schema\/person\/image\/\",\"url\":\"https:\/\/secure.gravatar.com\/avatar\/e934bf4dccb03bb498f1a2b80139c51b8e1b51233f5a87a3c2685247a1110687?s=96&d=mm&r=g\",\"contentUrl\":\"https:\/\/secure.gravatar.com\/avatar\/e934bf4dccb03bb498f1a2b80139c51b8e1b51233f5a87a3c2685247a1110687?s=96&d=mm&r=g\",\"caption\":\"Bernd\"},\"url\":\"https:\/\/berndluz.de\/fr\/author\/bernd\/\"}]}<\/script>\n<!-- \/ Yoast SEO plugin. -->","yoast_head_json":{"title":"ArtBike - Bernd Luz","robots":{"index":"index","follow":"follow","max-snippet":"max-snippet:-1","max-image-preview":"max-image-preview:large","max-video-preview":"max-video-preview:-1"},"canonical":"https:\/\/berndluz.de\/fr\/artbike-2\/","og_locale":"fr_FR","og_type":"article","og_title":"ArtBike - Bernd Luz","og_description":"[vc_row][vc_column width=\u00a0\u00bb2\/12&Prime;][\/vc_column][vc_column width=\u00a0\u00bb8\/12&Prime;][vc_single_image image=\u00a0\u00bb12697&Prime; img_size=\u00a0\u00bbfull\u00a0\u00bb alignment=\u00a0\u00bbcenter\u00a0\u00bb css_animation=\u00a0\u00bbappear\u00a0\u00bb][vc_single_image image=\u00a0\u00bb12701&Prime; img_size=\u00a0\u00bbfull\u00a0\u00bb alignment=\u00a0\u00bbcenter\u00a0\u00bb css_animation=\u00a0\u00bbappear\u00a0\u00bb][vc_separator color=\u00a0\u00bbcustom\u00a0\u00bb border_width=\u00a0\u00bb7&Prime; el_width=\u00a0\u00bb10&Prime; accent_color=\u00a0\u00bb#fe9306&Prime; css=\u00a0\u00bb.vc_custom_1460038626695{margin-bottom: -10px !important;border-bottom-width: -10px !important;padding-bottom: -10px !important;}\u00a0\u00bb][vc_custom_heading text=\u00a0\u00bbArtBike \u00ab\u00a0Colorstorm\u00ab\u00a0\u00a0\u00bb font_container=\u00a0\u00bbtag:h1|font_size:48px|text_align:center\u00a0\u00bb google_fonts=\u00a0\u00bbfont_family:Lobster%3Aregular|font_style:400%20regular%3A400%3Anormal\u00a0\u00bb][vc_separator color=\u00a0\u00bbcustom\u00a0\u00bb border_width=\u00a0\u00bb7&Prime; el_width=\u00a0\u00bb10&Prime; accent_color=\u00a0\u00bb#fe9306&Prime; css=\u00a0\u00bb.vc_custom_1461334391720{margin-top: 5px !important;border-top-width: 5px !important;padding-top: 5px !important;}\u00a0\u00bb][vc_empty_space height=\u00a0\u00bb10px\u00a0\u00bb][vc_column_text css_animation=\u00a0\u00bbleft-to-right\u00a0\u00bb] Le ArtBike \u00ab\u00a0Colorstorm\u00a0\u00bb a \u00e9t\u00e9 produit en collaboration avec Marcel Ferraro pour le fabricant de v\u00e9los [&hellip;]","og_url":"https:\/\/berndluz.de\/fr\/artbike-2\/","og_site_name":"Bernd Luz","article_published_time":"2016-05-11T06:40:37+00:00","article_modified_time":"2019-06-06T07:11:52+00:00","og_image":[{"width":560,"height":370,"url":"https:\/\/berndluz.de\/wp-content\/uploads\/2016\/05\/Campagnolo_01.jpg","type":"image\/jpeg"}],"author":"Bernd","twitter_card":"summary_large_image","twitter_misc":{"\u00c9crit par":"Bernd","Dur\u00e9e de lecture estim\u00e9e":"3 minutes"},"schema":{"@context":"https:\/\/schema.org","@graph":[{"@type":"Article","@id":"https:\/\/berndluz.de\/fr\/artbike-2\/#article","isPartOf":{"@id":"https:\/\/berndluz.de\/fr\/artbike-2\/"},"author":{"name":"Bernd","@id":"https:\/\/berndluz.de\/fr\/#\/schema\/person\/e88e753e04ea35a116d5d72827d419c8"},"headline":"ArtBike","datePublished":"2016-05-11T06:40:37+00:00","dateModified":"2019-06-06T07:11:52+00:00","mainEntityOfPage":{"@id":"https:\/\/berndluz.de\/fr\/artbike-2\/"},"wordCount":698,"commentCount":0,"image":{"@id":"https:\/\/berndluz.de\/fr\/artbike-2\/#primaryimage"},"thumbnailUrl":"https:\/\/berndluz.de\/wp-content\/uploads\/2016\/05\/Campagnolo_01.jpg","articleSection":["ART SUR LES PRODUITS","PROJEKTKUNST"],"inLanguage":"fr-FR","potentialAction":[{"@type":"CommentAction","name":"Comment","target":["https:\/\/berndluz.de\/fr\/artbike-2\/#respond"]}]},{"@type":"WebPage","@id":"https:\/\/berndluz.de\/fr\/artbike-2\/","url":"https:\/\/berndluz.de\/fr\/artbike-2\/","name":"ArtBike - Bernd Luz","isPartOf":{"@id":"https:\/\/berndluz.de\/fr\/#website"},"primaryImageOfPage":{"@id":"https:\/\/berndluz.de\/fr\/artbike-2\/#primaryimage"},"image":{"@id":"https:\/\/berndluz.de\/fr\/artbike-2\/#primaryimage"},"thumbnailUrl":"https:\/\/berndluz.de\/wp-content\/uploads\/2016\/05\/Campagnolo_01.jpg","datePublished":"2016-05-11T06:40:37+00:00","dateModified":"2019-06-06T07:11:52+00:00","author":{"@id":"https:\/\/berndluz.de\/fr\/#\/schema\/person\/e88e753e04ea35a116d5d72827d419c8"},"breadcrumb":{"@id":"https:\/\/berndluz.de\/fr\/artbike-2\/#breadcrumb"},"inLanguage":"fr-FR","potentialAction":[{"@type":"ReadAction","target":["https:\/\/berndluz.de\/fr\/artbike-2\/"]}]},{"@type":"ImageObject","inLanguage":"fr-FR","@id":"https:\/\/berndluz.de\/fr\/artbike-2\/#primaryimage","url":"https:\/\/berndluz.de\/wp-content\/uploads\/2016\/05\/Campagnolo_01.jpg","contentUrl":"https:\/\/berndluz.de\/wp-content\/uploads\/2016\/05\/Campagnolo_01.jpg","width":560,"height":370},{"@type":"BreadcrumbList","@id":"https:\/\/berndluz.de\/fr\/artbike-2\/#breadcrumb","itemListElement":[{"@type":"ListItem","position":1,"name":"Startseite","item":"https:\/\/berndluz.de\/fr\/"},{"@type":"ListItem","position":2,"name":"ArtBike"}]},{"@type":"WebSite","@id":"https:\/\/berndluz.de\/fr\/#website","url":"https:\/\/berndluz.de\/fr\/","name":"Bernd Luz","description":"Bernd Luz","potentialAction":[{"@type":"SearchAction","target":{"@type":"EntryPoint","urlTemplate":"https:\/\/berndluz.de\/fr\/?s={search_term_string}"},"query-input":{"@type":"PropertyValueSpecification","valueRequired":true,"valueName":"search_term_string"}}],"inLanguage":"fr-FR"},{"@type":"Person","@id":"https:\/\/berndluz.de\/fr\/#\/schema\/person\/e88e753e04ea35a116d5d72827d419c8","name":"Bernd","image":{"@type":"ImageObject","inLanguage":"fr-FR","@id":"https:\/\/berndluz.de\/fr\/#\/schema\/person\/image\/","url":"https:\/\/secure.gravatar.com\/avatar\/e934bf4dccb03bb498f1a2b80139c51b8e1b51233f5a87a3c2685247a1110687?s=96&d=mm&r=g","contentUrl":"https:\/\/secure.gravatar.com\/avatar\/e934bf4dccb03bb498f1a2b80139c51b8e1b51233f5a87a3c2685247a1110687?s=96&d=mm&r=g","caption":"Bernd"},"url":"https:\/\/berndluz.de\/fr\/author\/bernd\/"}]}},"_links":{"self":[{"href":"https:\/\/berndluz.de\/fr\/wp-json\/wp\/v2\/posts\/8012","targetHints":{"allow":["GET"]}}],"collection":[{"href":"https:\/\/berndluz.de\/fr\/wp-json\/wp\/v2\/posts"}],"about":[{"href":"https:\/\/berndluz.de\/fr\/wp-json\/wp\/v2\/types\/post"}],"author":[{"embeddable":true,"href":"https:\/\/berndluz.de\/fr\/wp-json\/wp\/v2\/users\/4"}],"replies":[{"embeddable":true,"href":"https:\/\/berndluz.de\/fr\/wp-json\/wp\/v2\/comments?post=8012"}],"version-history":[{"count":2,"href":"https:\/\/berndluz.de\/fr\/wp-json\/wp\/v2\/posts\/8012\/revisions"}],"predecessor-version":[{"id":18597,"href":"https:\/\/berndluz.de\/fr\/wp-json\/wp\/v2\/posts\/8012\/revisions\/18597"}],"wp:featuredmedia":[{"embeddable":true,"href":"https:\/\/berndluz.de\/fr\/wp-json\/wp\/v2\/media\/2664"}],"wp:attachment":[{"href":"https:\/\/berndluz.de\/fr\/wp-json\/wp\/v2\/media?parent=8012"}],"wp:term":[{"taxonomy":"category","embeddable":true,"href":"https:\/\/berndluz.de\/fr\/wp-json\/wp\/v2\/categories?post=8012"},{"taxonomy":"post_tag","embeddable":true,"href":"https:\/\/berndluz.de\/fr\/wp-json\/wp\/v2\/tags?post=8012"}],"curies":[{"name":"wp","href":"https:\/\/api.w.org\/{rel}","templated":true}]}}