{"id":8223,"date":"2016-05-04T16:01:10","date_gmt":"2016-05-04T14:01:10","guid":{"rendered":"http:\/\/berndluz.de\/ru\/motorworld-boeblingen-2\/"},"modified":"2016-06-27T08:45:28","modified_gmt":"2016-06-27T06:45:28","slug":"motorworld-boeblingen-2","status":"publish","type":"post","link":"https:\/\/berndluz.de\/fr\/motorworld-boeblingen-2\/","title":{"rendered":"Motorworld, B\u00f6blingen"},"content":{"rendered":"<div class=\"wpb-content-wrapper\"><p>[vc_row][vc_column width=\u00a0\u00bb2\/12&Prime;][\/vc_column][vc_column width=\u00a0\u00bb8\/12&Prime;][vc_column_text]<span id=\"result_box\" class=\"\" lang=\"fr\"><span class=\"\">Qui conduit<\/span> pass\u00e9 sur la A81 \u00e0 B\u00f6blingen, je vous recommande d&rsquo;ins\u00e9rer une courte escale dans l&rsquo;automobile Forum Motor World. \u00c9galement unique est l&rsquo;h\u00f4tel \u00e0 th\u00e8me associ\u00e9 \u00ab\u00a0<span class=\"\">V8<\/span>\u00ab\u00a0. Urig est l\u00e0 la brasserie \u00ab\u00a0Imp\u00a0\u00bb. Super int\u00e9ressant non seulement pour les amateurs <span class=\"\">de l&rsquo;automobile<\/span>.<br \/>\nPour l&rsquo;exposition Motor World Classics \u00e0 Berlin J&rsquo;ai con\u00e7u l&rsquo;affiche dans le style <span class=\"\">AbstraktPop<\/span>.<\/span>[\/vc_column_text][vc_separator color=\u00a0\u00bbcustom\u00a0\u00bb border_width=\u00a0\u00bb2&Prime; el_width=\u00a0\u00bb10&Prime; accent_color=\u00a0\u00bb#fe9306&Prime;][vc_single_image image=\u00a0\u00bb5752&Prime; img_size=\u00a0\u00bbfull\u00a0\u00bb alignment=\u00a0\u00bbcenter\u00a0\u00bb css_animation=\u00a0\u00bbappear\u00a0\u00bb][vc_separator color=\u00a0\u00bbcustom\u00a0\u00bb align=\u00a0\u00bbalign_left\u00a0\u00bb border_width=\u00a0\u00bb2&Prime; accent_color=\u00a0\u00bb#fe9306&Prime;][\/vc_column][vc_column width=\u00a0\u00bb2\/12&Prime;][\/vc_column][\/vc_row][vc_row][vc_column width=\u00a0\u00bb2\/12&Prime;][\/vc_column][vc_column width=\u00a0\u00bb4\/12&Prime;][vc_single_image image=\u00a0\u00bb5756&Prime; img_size=\u00a0\u00bbfull\u00a0\u00bb alignment=\u00a0\u00bbcenter\u00a0\u00bb css_animation=\u00a0\u00bbappear\u00a0\u00bb][vc_single_image image=\u00a0\u00bb5764&Prime; img_size=\u00a0\u00bbfull\u00a0\u00bb alignment=\u00a0\u00bbcenter\u00a0\u00bb css_animation=\u00a0\u00bbappear\u00a0\u00bb][vc_single_image image=\u00a0\u00bb5772&Prime; img_size=\u00a0\u00bbfull\u00a0\u00bb alignment=\u00a0\u00bbcenter\u00a0\u00bb css_animation=\u00a0\u00bbappear\u00a0\u00bb][\/vc_column][vc_column width=\u00a0\u00bb4\/12&Prime;][vc_single_image image=\u00a0\u00bb5760&Prime; img_size=\u00a0\u00bbfull\u00a0\u00bb alignment=\u00a0\u00bbcenter\u00a0\u00bb css_animation=\u00a0\u00bbappear\u00a0\u00bb][vc_single_image image=\u00a0\u00bb5768&Prime; img_size=\u00a0\u00bbfull\u00a0\u00bb alignment=\u00a0\u00bbcenter\u00a0\u00bb css_animation=\u00a0\u00bbappear\u00a0\u00bb][vc_single_image image=\u00a0\u00bb5776&Prime; img_size=\u00a0\u00bbfull\u00a0\u00bb alignment=\u00a0\u00bbcenter\u00a0\u00bb css_animation=\u00a0\u00bbappear\u00a0\u00bb][\/vc_column][vc_column width=\u00a0\u00bb2\/12&Prime;][\/vc_column][\/vc_row][vc_row][vc_column width=\u00a0\u00bb2\/12&Prime;][\/vc_column][vc_column width=\u00a0\u00bb8\/12&Prime;][vc_separator color=\u00a0\u00bbcustom\u00a0\u00bb align=\u00a0\u00bbalign_left\u00a0\u00bb border_width=\u00a0\u00bb2&Prime; accent_color=\u00a0\u00bb#fe9306&Prime;][vc_single_image image=\u00a0\u00bb5780&Prime; img_size=\u00a0\u00bbfull\u00a0\u00bb alignment=\u00a0\u00bbcenter\u00a0\u00bb css_animation=\u00a0\u00bbappear\u00a0\u00bb][\/vc_column][vc_column width=\u00a0\u00bb2\/12&Prime;][\/vc_column][\/vc_row]<\/p>\n<\/div>","protected":false},"excerpt":{"rendered":"<p>[vc_row][vc_column width=\u00a0\u00bb2\/12&Prime;][\/vc_column][vc_column width=\u00a0\u00bb8\/12&Prime;][vc_column_text]Qui conduit pass\u00e9 sur la A81 \u00e0 B\u00f6blingen, je vous recommande d&rsquo;ins\u00e9rer une courte escale dans l&rsquo;automobile Forum Motor World. \u00c9galement unique est l&rsquo;h\u00f4tel \u00e0 th\u00e8me associ\u00e9 \u00ab\u00a0V8\u00ab\u00a0. Urig est l\u00e0 la brasserie \u00ab\u00a0Imp\u00a0\u00bb. Super int\u00e9ressant non seulement pour les amateurs de l&rsquo;automobile. Pour l&rsquo;exposition Motor World Classics \u00e0 Berlin J&rsquo;ai con\u00e7u l&rsquo;affiche [&hellip;]<\/p>\n","protected":false},"author":1,"featured_media":6183,"comment_status":"open","ping_status":"open","sticky":false,"template":"","format":"standard","meta":{"footnotes":""},"categories":[180],"tags":[],"class_list":["post-8223","post","type-post","status-publish","format-standard","has-post-thumbnail","hentry","category-meetartist-fr"],"yoast_head":"<!-- This site is optimized with the Yoast SEO plugin v26.8 - https:\/\/yoast.com\/product\/yoast-seo-wordpress\/ -->\n<title>Motorworld, B\u00f6blingen - Bernd Luz<\/title>\n<meta name=\"robots\" content=\"index, follow, max-snippet:-1, max-image-preview:large, max-video-preview:-1\" \/>\n<link rel=\"canonical\" href=\"https:\/\/berndluz.de\/fr\/motorworld-boeblingen-2\/\" \/>\n<meta property=\"og:locale\" content=\"fr_FR\" \/>\n<meta property=\"og:type\" content=\"article\" \/>\n<meta property=\"og:title\" content=\"Motorworld, B\u00f6blingen - Bernd Luz\" \/>\n<meta property=\"og:description\" content=\"[vc_row][vc_column width=\u00a0\u00bb2\/12&Prime;][\/vc_column][vc_column width=\u00a0\u00bb8\/12&Prime;][vc_column_text]Qui conduit pass\u00e9 sur la A81 \u00e0 B\u00f6blingen, je vous recommande d&rsquo;ins\u00e9rer une courte escale dans l&rsquo;automobile Forum Motor World. \u00c9galement unique est l&rsquo;h\u00f4tel \u00e0 th\u00e8me associ\u00e9 \u00ab\u00a0V8\u00ab\u00a0. Urig est l\u00e0 la brasserie \u00ab\u00a0Imp\u00a0\u00bb. Super int\u00e9ressant non seulement pour les amateurs de l&rsquo;automobile. Pour l&rsquo;exposition Motor World Classics \u00e0 Berlin J&rsquo;ai con\u00e7u l&rsquo;affiche [&hellip;]\" \/>\n<meta property=\"og:url\" content=\"https:\/\/berndluz.de\/fr\/motorworld-boeblingen-2\/\" \/>\n<meta property=\"og:site_name\" content=\"Bernd Luz\" \/>\n<meta property=\"article:published_time\" content=\"2016-05-04T14:01:10+00:00\" \/>\n<meta property=\"article:modified_time\" content=\"2016-06-27T06:45:28+00:00\" \/>\n<meta property=\"og:image\" content=\"https:\/\/berndluz.de\/wp-content\/uploads\/2016\/05\/Motorworld-1.jpg\" \/>\n\t<meta property=\"og:image:width\" content=\"420\" \/>\n\t<meta property=\"og:image:height\" content=\"277\" \/>\n\t<meta property=\"og:image:type\" content=\"image\/jpeg\" \/>\n<meta name=\"author\" content=\"admin\" \/>\n<meta name=\"twitter:card\" content=\"summary_large_image\" \/>\n<meta name=\"twitter:label1\" content=\"\u00c9crit par\" \/>\n\t<meta name=\"twitter:data1\" content=\"admin\" \/>\n\t<meta name=\"twitter:label2\" content=\"Dur\u00e9e de lecture estim\u00e9e\" \/>\n\t<meta name=\"twitter:data2\" content=\"1 minute\" \/>\n<script type=\"application\/ld+json\" class=\"yoast-schema-graph\">{\"@context\":\"https:\/\/schema.org\",\"@graph\":[{\"@type\":\"Article\",\"@id\":\"https:\/\/berndluz.de\/fr\/motorworld-boeblingen-2\/#article\",\"isPartOf\":{\"@id\":\"https:\/\/berndluz.de\/fr\/motorworld-boeblingen-2\/\"},\"author\":{\"name\":\"admin\",\"@id\":\"https:\/\/berndluz.de\/fr\/#\/schema\/person\/d56c0577c56cb1ae40425aaf63293cc1\"},\"headline\":\"Motorworld, B\u00f6blingen\",\"datePublished\":\"2016-05-04T14:01:10+00:00\",\"dateModified\":\"2016-06-27T06:45:28+00:00\",\"mainEntityOfPage\":{\"@id\":\"https:\/\/berndluz.de\/fr\/motorworld-boeblingen-2\/\"},\"wordCount\":269,\"commentCount\":0,\"image\":{\"@id\":\"https:\/\/berndluz.de\/fr\/motorworld-boeblingen-2\/#primaryimage\"},\"thumbnailUrl\":\"https:\/\/berndluz.de\/wp-content\/uploads\/2016\/05\/Motorworld-1.jpg\",\"articleSection\":[\"RENCONTRE AVEC L'ARTISTE\"],\"inLanguage\":\"fr-FR\",\"potentialAction\":[{\"@type\":\"CommentAction\",\"name\":\"Comment\",\"target\":[\"https:\/\/berndluz.de\/fr\/motorworld-boeblingen-2\/#respond\"]}]},{\"@type\":\"WebPage\",\"@id\":\"https:\/\/berndluz.de\/fr\/motorworld-boeblingen-2\/\",\"url\":\"https:\/\/berndluz.de\/fr\/motorworld-boeblingen-2\/\",\"name\":\"Motorworld, B\u00f6blingen - Bernd Luz\",\"isPartOf\":{\"@id\":\"https:\/\/berndluz.de\/fr\/#website\"},\"primaryImageOfPage\":{\"@id\":\"https:\/\/berndluz.de\/fr\/motorworld-boeblingen-2\/#primaryimage\"},\"image\":{\"@id\":\"https:\/\/berndluz.de\/fr\/motorworld-boeblingen-2\/#primaryimage\"},\"thumbnailUrl\":\"https:\/\/berndluz.de\/wp-content\/uploads\/2016\/05\/Motorworld-1.jpg\",\"datePublished\":\"2016-05-04T14:01:10+00:00\",\"dateModified\":\"2016-06-27T06:45:28+00:00\",\"author\":{\"@id\":\"https:\/\/berndluz.de\/fr\/#\/schema\/person\/d56c0577c56cb1ae40425aaf63293cc1\"},\"breadcrumb\":{\"@id\":\"https:\/\/berndluz.de\/fr\/motorworld-boeblingen-2\/#breadcrumb\"},\"inLanguage\":\"fr-FR\",\"potentialAction\":[{\"@type\":\"ReadAction\",\"target\":[\"https:\/\/berndluz.de\/fr\/motorworld-boeblingen-2\/\"]}]},{\"@type\":\"ImageObject\",\"inLanguage\":\"fr-FR\",\"@id\":\"https:\/\/berndluz.de\/fr\/motorworld-boeblingen-2\/#primaryimage\",\"url\":\"https:\/\/berndluz.de\/wp-content\/uploads\/2016\/05\/Motorworld-1.jpg\",\"contentUrl\":\"https:\/\/berndluz.de\/wp-content\/uploads\/2016\/05\/Motorworld-1.jpg\",\"width\":420,\"height\":277},{\"@type\":\"BreadcrumbList\",\"@id\":\"https:\/\/berndluz.de\/fr\/motorworld-boeblingen-2\/#breadcrumb\",\"itemListElement\":[{\"@type\":\"ListItem\",\"position\":1,\"name\":\"Startseite\",\"item\":\"https:\/\/berndluz.de\/fr\/\"},{\"@type\":\"ListItem\",\"position\":2,\"name\":\"Motorworld, B\u00f6blingen\"}]},{\"@type\":\"WebSite\",\"@id\":\"https:\/\/berndluz.de\/fr\/#website\",\"url\":\"https:\/\/berndluz.de\/fr\/\",\"name\":\"Bernd Luz\",\"description\":\"Bernd Luz\",\"potentialAction\":[{\"@type\":\"SearchAction\",\"target\":{\"@type\":\"EntryPoint\",\"urlTemplate\":\"https:\/\/berndluz.de\/fr\/?s={search_term_string}\"},\"query-input\":{\"@type\":\"PropertyValueSpecification\",\"valueRequired\":true,\"valueName\":\"search_term_string\"}}],\"inLanguage\":\"fr-FR\"},{\"@type\":\"Person\",\"@id\":\"https:\/\/berndluz.de\/fr\/#\/schema\/person\/d56c0577c56cb1ae40425aaf63293cc1\",\"name\":\"admin\",\"image\":{\"@type\":\"ImageObject\",\"inLanguage\":\"fr-FR\",\"@id\":\"https:\/\/berndluz.de\/fr\/#\/schema\/person\/image\/\",\"url\":\"https:\/\/secure.gravatar.com\/avatar\/2343492f6e1e115236da533a1be260045eed1a8b087bd6d0fd3e2db612598b7f?s=96&d=mm&r=g\",\"contentUrl\":\"https:\/\/secure.gravatar.com\/avatar\/2343492f6e1e115236da533a1be260045eed1a8b087bd6d0fd3e2db612598b7f?s=96&d=mm&r=g\",\"caption\":\"admin\"},\"url\":\"https:\/\/berndluz.de\/fr\/author\/admin\/\"}]}<\/script>\n<!-- \/ Yoast SEO plugin. -->","yoast_head_json":{"title":"Motorworld, B\u00f6blingen - Bernd Luz","robots":{"index":"index","follow":"follow","max-snippet":"max-snippet:-1","max-image-preview":"max-image-preview:large","max-video-preview":"max-video-preview:-1"},"canonical":"https:\/\/berndluz.de\/fr\/motorworld-boeblingen-2\/","og_locale":"fr_FR","og_type":"article","og_title":"Motorworld, B\u00f6blingen - Bernd Luz","og_description":"[vc_row][vc_column width=\u00a0\u00bb2\/12&Prime;][\/vc_column][vc_column width=\u00a0\u00bb8\/12&Prime;][vc_column_text]Qui conduit pass\u00e9 sur la A81 \u00e0 B\u00f6blingen, je vous recommande d&rsquo;ins\u00e9rer une courte escale dans l&rsquo;automobile Forum Motor World. \u00c9galement unique est l&rsquo;h\u00f4tel \u00e0 th\u00e8me associ\u00e9 \u00ab\u00a0V8\u00ab\u00a0. Urig est l\u00e0 la brasserie \u00ab\u00a0Imp\u00a0\u00bb. Super int\u00e9ressant non seulement pour les amateurs de l&rsquo;automobile. Pour l&rsquo;exposition Motor World Classics \u00e0 Berlin J&rsquo;ai con\u00e7u l&rsquo;affiche [&hellip;]","og_url":"https:\/\/berndluz.de\/fr\/motorworld-boeblingen-2\/","og_site_name":"Bernd Luz","article_published_time":"2016-05-04T14:01:10+00:00","article_modified_time":"2016-06-27T06:45:28+00:00","og_image":[{"width":420,"height":277,"url":"https:\/\/berndluz.de\/wp-content\/uploads\/2016\/05\/Motorworld-1.jpg","type":"image\/jpeg"}],"author":"admin","twitter_card":"summary_large_image","twitter_misc":{"\u00c9crit par":"admin","Dur\u00e9e de lecture estim\u00e9e":"1 minute"},"schema":{"@context":"https:\/\/schema.org","@graph":[{"@type":"Article","@id":"https:\/\/berndluz.de\/fr\/motorworld-boeblingen-2\/#article","isPartOf":{"@id":"https:\/\/berndluz.de\/fr\/motorworld-boeblingen-2\/"},"author":{"name":"admin","@id":"https:\/\/berndluz.de\/fr\/#\/schema\/person\/d56c0577c56cb1ae40425aaf63293cc1"},"headline":"Motorworld, B\u00f6blingen","datePublished":"2016-05-04T14:01:10+00:00","dateModified":"2016-06-27T06:45:28+00:00","mainEntityOfPage":{"@id":"https:\/\/berndluz.de\/fr\/motorworld-boeblingen-2\/"},"wordCount":269,"commentCount":0,"image":{"@id":"https:\/\/berndluz.de\/fr\/motorworld-boeblingen-2\/#primaryimage"},"thumbnailUrl":"https:\/\/berndluz.de\/wp-content\/uploads\/2016\/05\/Motorworld-1.jpg","articleSection":["RENCONTRE AVEC L'ARTISTE"],"inLanguage":"fr-FR","potentialAction":[{"@type":"CommentAction","name":"Comment","target":["https:\/\/berndluz.de\/fr\/motorworld-boeblingen-2\/#respond"]}]},{"@type":"WebPage","@id":"https:\/\/berndluz.de\/fr\/motorworld-boeblingen-2\/","url":"https:\/\/berndluz.de\/fr\/motorworld-boeblingen-2\/","name":"Motorworld, B\u00f6blingen - Bernd Luz","isPartOf":{"@id":"https:\/\/berndluz.de\/fr\/#website"},"primaryImageOfPage":{"@id":"https:\/\/berndluz.de\/fr\/motorworld-boeblingen-2\/#primaryimage"},"image":{"@id":"https:\/\/berndluz.de\/fr\/motorworld-boeblingen-2\/#primaryimage"},"thumbnailUrl":"https:\/\/berndluz.de\/wp-content\/uploads\/2016\/05\/Motorworld-1.jpg","datePublished":"2016-05-04T14:01:10+00:00","dateModified":"2016-06-27T06:45:28+00:00","author":{"@id":"https:\/\/berndluz.de\/fr\/#\/schema\/person\/d56c0577c56cb1ae40425aaf63293cc1"},"breadcrumb":{"@id":"https:\/\/berndluz.de\/fr\/motorworld-boeblingen-2\/#breadcrumb"},"inLanguage":"fr-FR","potentialAction":[{"@type":"ReadAction","target":["https:\/\/berndluz.de\/fr\/motorworld-boeblingen-2\/"]}]},{"@type":"ImageObject","inLanguage":"fr-FR","@id":"https:\/\/berndluz.de\/fr\/motorworld-boeblingen-2\/#primaryimage","url":"https:\/\/berndluz.de\/wp-content\/uploads\/2016\/05\/Motorworld-1.jpg","contentUrl":"https:\/\/berndluz.de\/wp-content\/uploads\/2016\/05\/Motorworld-1.jpg","width":420,"height":277},{"@type":"BreadcrumbList","@id":"https:\/\/berndluz.de\/fr\/motorworld-boeblingen-2\/#breadcrumb","itemListElement":[{"@type":"ListItem","position":1,"name":"Startseite","item":"https:\/\/berndluz.de\/fr\/"},{"@type":"ListItem","position":2,"name":"Motorworld, B\u00f6blingen"}]},{"@type":"WebSite","@id":"https:\/\/berndluz.de\/fr\/#website","url":"https:\/\/berndluz.de\/fr\/","name":"Bernd Luz","description":"Bernd Luz","potentialAction":[{"@type":"SearchAction","target":{"@type":"EntryPoint","urlTemplate":"https:\/\/berndluz.de\/fr\/?s={search_term_string}"},"query-input":{"@type":"PropertyValueSpecification","valueRequired":true,"valueName":"search_term_string"}}],"inLanguage":"fr-FR"},{"@type":"Person","@id":"https:\/\/berndluz.de\/fr\/#\/schema\/person\/d56c0577c56cb1ae40425aaf63293cc1","name":"admin","image":{"@type":"ImageObject","inLanguage":"fr-FR","@id":"https:\/\/berndluz.de\/fr\/#\/schema\/person\/image\/","url":"https:\/\/secure.gravatar.com\/avatar\/2343492f6e1e115236da533a1be260045eed1a8b087bd6d0fd3e2db612598b7f?s=96&d=mm&r=g","contentUrl":"https:\/\/secure.gravatar.com\/avatar\/2343492f6e1e115236da533a1be260045eed1a8b087bd6d0fd3e2db612598b7f?s=96&d=mm&r=g","caption":"admin"},"url":"https:\/\/berndluz.de\/fr\/author\/admin\/"}]}},"_links":{"self":[{"href":"https:\/\/berndluz.de\/fr\/wp-json\/wp\/v2\/posts\/8223","targetHints":{"allow":["GET"]}}],"collection":[{"href":"https:\/\/berndluz.de\/fr\/wp-json\/wp\/v2\/posts"}],"about":[{"href":"https:\/\/berndluz.de\/fr\/wp-json\/wp\/v2\/types\/post"}],"author":[{"embeddable":true,"href":"https:\/\/berndluz.de\/fr\/wp-json\/wp\/v2\/users\/1"}],"replies":[{"embeddable":true,"href":"https:\/\/berndluz.de\/fr\/wp-json\/wp\/v2\/comments?post=8223"}],"version-history":[{"count":0,"href":"https:\/\/berndluz.de\/fr\/wp-json\/wp\/v2\/posts\/8223\/revisions"}],"wp:featuredmedia":[{"embeddable":true,"href":"https:\/\/berndluz.de\/fr\/wp-json\/wp\/v2\/media\/6183"}],"wp:attachment":[{"href":"https:\/\/berndluz.de\/fr\/wp-json\/wp\/v2\/media?parent=8223"}],"wp:term":[{"taxonomy":"category","embeddable":true,"href":"https:\/\/berndluz.de\/fr\/wp-json\/wp\/v2\/categories?post=8223"},{"taxonomy":"post_tag","embeddable":true,"href":"https:\/\/berndluz.de\/fr\/wp-json\/wp\/v2\/tags?post=8223"}],"curies":[{"name":"wp","href":"https:\/\/api.w.org\/{rel}","templated":true}]}}