{"id":8364,"date":"2015-08-21T08:00:11","date_gmt":"2015-08-21T06:00:11","guid":{"rendered":"http:\/\/berndluz.de\/en\/sebastian-vettel-2\/"},"modified":"2017-01-24T13:45:21","modified_gmt":"2017-01-24T11:45:21","slug":"sebastian-vettel-2","status":"publish","type":"post","link":"https:\/\/berndluz.de\/fr\/sebastian-vettel-2\/","title":{"rendered":"Sebastian Vettel"},"content":{"rendered":"<div class=\"wpb-content-wrapper\"><p>[vc_row][vc_column width=\u00a0\u00bb2\/12&Prime;][\/vc_column][vc_column width=\u00a0\u00bb8\/12&Prime;][vc_single_image image=\u00a0\u00bb13291&Prime; img_size=\u00a0\u00bbfull\u00a0\u00bb alignment=\u00a0\u00bbcenter\u00a0\u00bb css_animation=\u00a0\u00bbappear\u00a0\u00bb][vc_separator color=\u00a0\u00bbcustom\u00a0\u00bb border_width=\u00a0\u00bb7&Prime; el_width=\u00a0\u00bb10&Prime; accent_color=\u00a0\u00bb#fe9306&Prime; css=\u00a0\u00bb.vc_custom_1460038626695{margin-bottom: -10px !important;border-bottom-width: -10px !important;padding-bottom: -10px !important;}\u00a0\u00bb][vc_custom_heading text=\u00a0\u00bbVictory\u00a0\u00bb font_container=\u00a0\u00bbtag:h1|font_size:48px|text_align:center\u00a0\u00bb google_fonts=\u00a0\u00bbfont_family:Lobster%3Aregular|font_style:400%20regular%3A400%3Anormal\u00a0\u00bb][vc_separator color=\u00a0\u00bbcustom\u00a0\u00bb border_width=\u00a0\u00bb7&Prime; el_width=\u00a0\u00bb10&Prime; accent_color=\u00a0\u00bb#fe9306&Prime; css=\u00a0\u00bb.vc_custom_1461334391720{margin-top: 5px !important;border-top-width: 5px !important;padding-top: 5px !important;}\u00a0\u00bb][vc_empty_space height=\u00a0\u00bb10px\u00a0\u00bb][vc_column_text css_animation=\u00a0\u00bbappear\u00a0\u00bb]<\/p>\n<p style=\"text-align: center;\">Acryl auf Leinwand<br \/>\nauf 45 mm Museumskeilrahmen<br \/>\n160 x 110 cm<br \/>\naus der 8-teiligen Serie Grand Prix History<\/p>\n<p>[\/vc_column_text][vc_separator color=\u00a0\u00bbcustom\u00a0\u00bb border_width=\u00a0\u00bb2&Prime; el_width=\u00a0\u00bb10&Prime; accent_color=\u00a0\u00bb#fe9306&Prime;][vc_column_text css_animation=\u00a0\u00bbleft-to-right\u00a0\u00bb]Sebastian Vettel startete 2007 zu seinem ersten Formel 1-Rennen. 2009 wechselte er zum \u00f6sterreichischen Team Red Bull Racing. Er gewann in der Saison 2010 als j\u00fcngster Deutscher und nach Michael Schuhmacher seine erste Weltmeisterschaft. 2011, 2012 und 2013 verteidigte er seinen Weltmeistertitel und wurde viermal in Folge Weltmeister. Seit 2015 f\u00e4hrt Vettel f\u00fcr Ferrari.[\/vc_column_text][\/vc_column][vc_column width=\u00a0\u00bb2\/12&Prime;][\/vc_column][\/vc_row]<\/p>\n<\/div>","protected":false},"excerpt":{"rendered":"<p>[vc_row][vc_column width=\u00a0\u00bb2\/12&Prime;][\/vc_column][vc_column width=\u00a0\u00bb8\/12&Prime;][vc_single_image image=\u00a0\u00bb13291&Prime; img_size=\u00a0\u00bbfull\u00a0\u00bb alignment=\u00a0\u00bbcenter\u00a0\u00bb css_animation=\u00a0\u00bbappear\u00a0\u00bb][vc_separator color=\u00a0\u00bbcustom\u00a0\u00bb border_width=\u00a0\u00bb7&Prime; el_width=\u00a0\u00bb10&Prime; accent_color=\u00a0\u00bb#fe9306&Prime; css=\u00a0\u00bb.vc_custom_1460038626695{margin-bottom: -10px !important;border-bottom-width: -10px !important;padding-bottom: -10px !important;}\u00a0\u00bb][vc_custom_heading text=\u00a0\u00bbVictory\u00a0\u00bb font_container=\u00a0\u00bbtag:h1|font_size:48px|text_align:center\u00a0\u00bb google_fonts=\u00a0\u00bbfont_family:Lobster%3Aregular|font_style:400%20regular%3A400%3Anormal\u00a0\u00bb][vc_separator color=\u00a0\u00bbcustom\u00a0\u00bb border_width=\u00a0\u00bb7&Prime; el_width=\u00a0\u00bb10&Prime; accent_color=\u00a0\u00bb#fe9306&Prime; css=\u00a0\u00bb.vc_custom_1461334391720{margin-top: 5px !important;border-top-width: 5px !important;padding-top: 5px !important;}\u00a0\u00bb][vc_empty_space height=\u00a0\u00bb10px\u00a0\u00bb][vc_column_text css_animation=\u00a0\u00bbappear\u00a0\u00bb] Acryl auf Leinwand auf 45 mm Museumskeilrahmen 160 x 110 cm aus der 8-teiligen Serie Grand Prix History [\/vc_column_text][vc_separator color=\u00a0\u00bbcustom\u00a0\u00bb border_width=\u00a0\u00bb2&Prime; [&hellip;]<\/p>\n","protected":false},"author":1,"featured_media":13296,"comment_status":"open","ping_status":"open","sticky":false,"template":"","format":"standard","meta":{"footnotes":""},"categories":[237],"tags":[],"class_list":["post-8364","post","type-post","status-publish","format-standard","has-post-thumbnail","hentry","category-automotive-de-fr"],"yoast_head":"<!-- This site is optimized with the Yoast SEO plugin v26.8 - https:\/\/yoast.com\/product\/yoast-seo-wordpress\/ -->\n<title>Sebastian Vettel - Bernd Luz<\/title>\n<meta name=\"robots\" content=\"index, follow, max-snippet:-1, max-image-preview:large, max-video-preview:-1\" \/>\n<link rel=\"canonical\" href=\"https:\/\/berndluz.de\/fr\/sebastian-vettel-2\/\" \/>\n<meta property=\"og:locale\" content=\"fr_FR\" \/>\n<meta property=\"og:type\" content=\"article\" \/>\n<meta property=\"og:title\" content=\"Sebastian Vettel - Bernd Luz\" \/>\n<meta property=\"og:description\" content=\"[vc_row][vc_column width=\u00a0\u00bb2\/12&Prime;][\/vc_column][vc_column width=\u00a0\u00bb8\/12&Prime;][vc_single_image image=\u00a0\u00bb13291&Prime; img_size=\u00a0\u00bbfull\u00a0\u00bb alignment=\u00a0\u00bbcenter\u00a0\u00bb css_animation=\u00a0\u00bbappear\u00a0\u00bb][vc_separator color=\u00a0\u00bbcustom\u00a0\u00bb border_width=\u00a0\u00bb7&Prime; el_width=\u00a0\u00bb10&Prime; accent_color=\u00a0\u00bb#fe9306&Prime; css=\u00a0\u00bb.vc_custom_1460038626695{margin-bottom: -10px !important;border-bottom-width: -10px !important;padding-bottom: -10px !important;}\u00a0\u00bb][vc_custom_heading text=\u00a0\u00bbVictory\u00a0\u00bb font_container=\u00a0\u00bbtag:h1|font_size:48px|text_align:center\u00a0\u00bb google_fonts=\u00a0\u00bbfont_family:Lobster%3Aregular|font_style:400%20regular%3A400%3Anormal\u00a0\u00bb][vc_separator color=\u00a0\u00bbcustom\u00a0\u00bb border_width=\u00a0\u00bb7&Prime; el_width=\u00a0\u00bb10&Prime; accent_color=\u00a0\u00bb#fe9306&Prime; css=\u00a0\u00bb.vc_custom_1461334391720{margin-top: 5px !important;border-top-width: 5px !important;padding-top: 5px !important;}\u00a0\u00bb][vc_empty_space height=\u00a0\u00bb10px\u00a0\u00bb][vc_column_text css_animation=\u00a0\u00bbappear\u00a0\u00bb] Acryl auf Leinwand auf 45 mm Museumskeilrahmen 160 x 110 cm aus der 8-teiligen Serie Grand Prix History [\/vc_column_text][vc_separator color=\u00a0\u00bbcustom\u00a0\u00bb border_width=\u00a0\u00bb2&Prime; [&hellip;]\" \/>\n<meta property=\"og:url\" content=\"https:\/\/berndluz.de\/fr\/sebastian-vettel-2\/\" \/>\n<meta property=\"og:site_name\" content=\"Bernd Luz\" \/>\n<meta property=\"article:published_time\" content=\"2015-08-21T06:00:11+00:00\" \/>\n<meta property=\"article:modified_time\" content=\"2017-01-24T11:45:21+00:00\" \/>\n<meta property=\"og:image\" content=\"https:\/\/berndluz.de\/wp-content\/uploads\/2015\/08\/Victory-560px.jpg\" \/>\n\t<meta property=\"og:image:width\" content=\"560\" \/>\n\t<meta property=\"og:image:height\" content=\"370\" \/>\n\t<meta property=\"og:image:type\" content=\"image\/jpeg\" \/>\n<meta name=\"author\" content=\"admin\" \/>\n<meta name=\"twitter:card\" content=\"summary_large_image\" \/>\n<meta name=\"twitter:label1\" content=\"\u00c9crit par\" \/>\n\t<meta name=\"twitter:data1\" content=\"admin\" \/>\n\t<meta name=\"twitter:label2\" content=\"Dur\u00e9e de lecture estim\u00e9e\" \/>\n\t<meta name=\"twitter:data2\" content=\"1 minute\" \/>\n<script type=\"application\/ld+json\" class=\"yoast-schema-graph\">{\"@context\":\"https:\/\/schema.org\",\"@graph\":[{\"@type\":\"Article\",\"@id\":\"https:\/\/berndluz.de\/fr\/sebastian-vettel-2\/#article\",\"isPartOf\":{\"@id\":\"https:\/\/berndluz.de\/fr\/sebastian-vettel-2\/\"},\"author\":{\"name\":\"admin\",\"@id\":\"https:\/\/berndluz.de\/fr\/#\/schema\/person\/d56c0577c56cb1ae40425aaf63293cc1\"},\"headline\":\"Sebastian Vettel\",\"datePublished\":\"2015-08-21T06:00:11+00:00\",\"dateModified\":\"2017-01-24T11:45:21+00:00\",\"mainEntityOfPage\":{\"@id\":\"https:\/\/berndluz.de\/fr\/sebastian-vettel-2\/\"},\"wordCount\":207,\"commentCount\":0,\"image\":{\"@id\":\"https:\/\/berndluz.de\/fr\/sebastian-vettel-2\/#primaryimage\"},\"thumbnailUrl\":\"https:\/\/berndluz.de\/wp-content\/uploads\/2015\/08\/Victory-560px.jpg\",\"articleSection\":[\"AUTOMOTIVE MEDIAMIX\"],\"inLanguage\":\"fr-FR\",\"potentialAction\":[{\"@type\":\"CommentAction\",\"name\":\"Comment\",\"target\":[\"https:\/\/berndluz.de\/fr\/sebastian-vettel-2\/#respond\"]}]},{\"@type\":\"WebPage\",\"@id\":\"https:\/\/berndluz.de\/fr\/sebastian-vettel-2\/\",\"url\":\"https:\/\/berndluz.de\/fr\/sebastian-vettel-2\/\",\"name\":\"Sebastian Vettel - Bernd Luz\",\"isPartOf\":{\"@id\":\"https:\/\/berndluz.de\/fr\/#website\"},\"primaryImageOfPage\":{\"@id\":\"https:\/\/berndluz.de\/fr\/sebastian-vettel-2\/#primaryimage\"},\"image\":{\"@id\":\"https:\/\/berndluz.de\/fr\/sebastian-vettel-2\/#primaryimage\"},\"thumbnailUrl\":\"https:\/\/berndluz.de\/wp-content\/uploads\/2015\/08\/Victory-560px.jpg\",\"datePublished\":\"2015-08-21T06:00:11+00:00\",\"dateModified\":\"2017-01-24T11:45:21+00:00\",\"author\":{\"@id\":\"https:\/\/berndluz.de\/fr\/#\/schema\/person\/d56c0577c56cb1ae40425aaf63293cc1\"},\"breadcrumb\":{\"@id\":\"https:\/\/berndluz.de\/fr\/sebastian-vettel-2\/#breadcrumb\"},\"inLanguage\":\"fr-FR\",\"potentialAction\":[{\"@type\":\"ReadAction\",\"target\":[\"https:\/\/berndluz.de\/fr\/sebastian-vettel-2\/\"]}]},{\"@type\":\"ImageObject\",\"inLanguage\":\"fr-FR\",\"@id\":\"https:\/\/berndluz.de\/fr\/sebastian-vettel-2\/#primaryimage\",\"url\":\"https:\/\/berndluz.de\/wp-content\/uploads\/2015\/08\/Victory-560px.jpg\",\"contentUrl\":\"https:\/\/berndluz.de\/wp-content\/uploads\/2015\/08\/Victory-560px.jpg\",\"width\":560,\"height\":370},{\"@type\":\"BreadcrumbList\",\"@id\":\"https:\/\/berndluz.de\/fr\/sebastian-vettel-2\/#breadcrumb\",\"itemListElement\":[{\"@type\":\"ListItem\",\"position\":1,\"name\":\"Startseite\",\"item\":\"https:\/\/berndluz.de\/fr\/\"},{\"@type\":\"ListItem\",\"position\":2,\"name\":\"Sebastian Vettel\"}]},{\"@type\":\"WebSite\",\"@id\":\"https:\/\/berndluz.de\/fr\/#website\",\"url\":\"https:\/\/berndluz.de\/fr\/\",\"name\":\"Bernd Luz\",\"description\":\"Bernd Luz\",\"potentialAction\":[{\"@type\":\"SearchAction\",\"target\":{\"@type\":\"EntryPoint\",\"urlTemplate\":\"https:\/\/berndluz.de\/fr\/?s={search_term_string}\"},\"query-input\":{\"@type\":\"PropertyValueSpecification\",\"valueRequired\":true,\"valueName\":\"search_term_string\"}}],\"inLanguage\":\"fr-FR\"},{\"@type\":\"Person\",\"@id\":\"https:\/\/berndluz.de\/fr\/#\/schema\/person\/d56c0577c56cb1ae40425aaf63293cc1\",\"name\":\"admin\",\"image\":{\"@type\":\"ImageObject\",\"inLanguage\":\"fr-FR\",\"@id\":\"https:\/\/berndluz.de\/fr\/#\/schema\/person\/image\/\",\"url\":\"https:\/\/secure.gravatar.com\/avatar\/2343492f6e1e115236da533a1be260045eed1a8b087bd6d0fd3e2db612598b7f?s=96&d=mm&r=g\",\"contentUrl\":\"https:\/\/secure.gravatar.com\/avatar\/2343492f6e1e115236da533a1be260045eed1a8b087bd6d0fd3e2db612598b7f?s=96&d=mm&r=g\",\"caption\":\"admin\"},\"url\":\"https:\/\/berndluz.de\/fr\/author\/admin\/\"}]}<\/script>\n<!-- \/ Yoast SEO plugin. -->","yoast_head_json":{"title":"Sebastian Vettel - Bernd Luz","robots":{"index":"index","follow":"follow","max-snippet":"max-snippet:-1","max-image-preview":"max-image-preview:large","max-video-preview":"max-video-preview:-1"},"canonical":"https:\/\/berndluz.de\/fr\/sebastian-vettel-2\/","og_locale":"fr_FR","og_type":"article","og_title":"Sebastian Vettel - Bernd Luz","og_description":"[vc_row][vc_column width=\u00a0\u00bb2\/12&Prime;][\/vc_column][vc_column width=\u00a0\u00bb8\/12&Prime;][vc_single_image image=\u00a0\u00bb13291&Prime; img_size=\u00a0\u00bbfull\u00a0\u00bb alignment=\u00a0\u00bbcenter\u00a0\u00bb css_animation=\u00a0\u00bbappear\u00a0\u00bb][vc_separator color=\u00a0\u00bbcustom\u00a0\u00bb border_width=\u00a0\u00bb7&Prime; el_width=\u00a0\u00bb10&Prime; accent_color=\u00a0\u00bb#fe9306&Prime; css=\u00a0\u00bb.vc_custom_1460038626695{margin-bottom: -10px !important;border-bottom-width: -10px !important;padding-bottom: -10px !important;}\u00a0\u00bb][vc_custom_heading text=\u00a0\u00bbVictory\u00a0\u00bb font_container=\u00a0\u00bbtag:h1|font_size:48px|text_align:center\u00a0\u00bb google_fonts=\u00a0\u00bbfont_family:Lobster%3Aregular|font_style:400%20regular%3A400%3Anormal\u00a0\u00bb][vc_separator color=\u00a0\u00bbcustom\u00a0\u00bb border_width=\u00a0\u00bb7&Prime; el_width=\u00a0\u00bb10&Prime; accent_color=\u00a0\u00bb#fe9306&Prime; css=\u00a0\u00bb.vc_custom_1461334391720{margin-top: 5px !important;border-top-width: 5px !important;padding-top: 5px !important;}\u00a0\u00bb][vc_empty_space height=\u00a0\u00bb10px\u00a0\u00bb][vc_column_text css_animation=\u00a0\u00bbappear\u00a0\u00bb] Acryl auf Leinwand auf 45 mm Museumskeilrahmen 160 x 110 cm aus der 8-teiligen Serie Grand Prix History [\/vc_column_text][vc_separator color=\u00a0\u00bbcustom\u00a0\u00bb border_width=\u00a0\u00bb2&Prime; [&hellip;]","og_url":"https:\/\/berndluz.de\/fr\/sebastian-vettel-2\/","og_site_name":"Bernd Luz","article_published_time":"2015-08-21T06:00:11+00:00","article_modified_time":"2017-01-24T11:45:21+00:00","og_image":[{"width":560,"height":370,"url":"https:\/\/berndluz.de\/wp-content\/uploads\/2015\/08\/Victory-560px.jpg","type":"image\/jpeg"}],"author":"admin","twitter_card":"summary_large_image","twitter_misc":{"\u00c9crit par":"admin","Dur\u00e9e de lecture estim\u00e9e":"1 minute"},"schema":{"@context":"https:\/\/schema.org","@graph":[{"@type":"Article","@id":"https:\/\/berndluz.de\/fr\/sebastian-vettel-2\/#article","isPartOf":{"@id":"https:\/\/berndluz.de\/fr\/sebastian-vettel-2\/"},"author":{"name":"admin","@id":"https:\/\/berndluz.de\/fr\/#\/schema\/person\/d56c0577c56cb1ae40425aaf63293cc1"},"headline":"Sebastian Vettel","datePublished":"2015-08-21T06:00:11+00:00","dateModified":"2017-01-24T11:45:21+00:00","mainEntityOfPage":{"@id":"https:\/\/berndluz.de\/fr\/sebastian-vettel-2\/"},"wordCount":207,"commentCount":0,"image":{"@id":"https:\/\/berndluz.de\/fr\/sebastian-vettel-2\/#primaryimage"},"thumbnailUrl":"https:\/\/berndluz.de\/wp-content\/uploads\/2015\/08\/Victory-560px.jpg","articleSection":["AUTOMOTIVE MEDIAMIX"],"inLanguage":"fr-FR","potentialAction":[{"@type":"CommentAction","name":"Comment","target":["https:\/\/berndluz.de\/fr\/sebastian-vettel-2\/#respond"]}]},{"@type":"WebPage","@id":"https:\/\/berndluz.de\/fr\/sebastian-vettel-2\/","url":"https:\/\/berndluz.de\/fr\/sebastian-vettel-2\/","name":"Sebastian Vettel - Bernd Luz","isPartOf":{"@id":"https:\/\/berndluz.de\/fr\/#website"},"primaryImageOfPage":{"@id":"https:\/\/berndluz.de\/fr\/sebastian-vettel-2\/#primaryimage"},"image":{"@id":"https:\/\/berndluz.de\/fr\/sebastian-vettel-2\/#primaryimage"},"thumbnailUrl":"https:\/\/berndluz.de\/wp-content\/uploads\/2015\/08\/Victory-560px.jpg","datePublished":"2015-08-21T06:00:11+00:00","dateModified":"2017-01-24T11:45:21+00:00","author":{"@id":"https:\/\/berndluz.de\/fr\/#\/schema\/person\/d56c0577c56cb1ae40425aaf63293cc1"},"breadcrumb":{"@id":"https:\/\/berndluz.de\/fr\/sebastian-vettel-2\/#breadcrumb"},"inLanguage":"fr-FR","potentialAction":[{"@type":"ReadAction","target":["https:\/\/berndluz.de\/fr\/sebastian-vettel-2\/"]}]},{"@type":"ImageObject","inLanguage":"fr-FR","@id":"https:\/\/berndluz.de\/fr\/sebastian-vettel-2\/#primaryimage","url":"https:\/\/berndluz.de\/wp-content\/uploads\/2015\/08\/Victory-560px.jpg","contentUrl":"https:\/\/berndluz.de\/wp-content\/uploads\/2015\/08\/Victory-560px.jpg","width":560,"height":370},{"@type":"BreadcrumbList","@id":"https:\/\/berndluz.de\/fr\/sebastian-vettel-2\/#breadcrumb","itemListElement":[{"@type":"ListItem","position":1,"name":"Startseite","item":"https:\/\/berndluz.de\/fr\/"},{"@type":"ListItem","position":2,"name":"Sebastian Vettel"}]},{"@type":"WebSite","@id":"https:\/\/berndluz.de\/fr\/#website","url":"https:\/\/berndluz.de\/fr\/","name":"Bernd Luz","description":"Bernd Luz","potentialAction":[{"@type":"SearchAction","target":{"@type":"EntryPoint","urlTemplate":"https:\/\/berndluz.de\/fr\/?s={search_term_string}"},"query-input":{"@type":"PropertyValueSpecification","valueRequired":true,"valueName":"search_term_string"}}],"inLanguage":"fr-FR"},{"@type":"Person","@id":"https:\/\/berndluz.de\/fr\/#\/schema\/person\/d56c0577c56cb1ae40425aaf63293cc1","name":"admin","image":{"@type":"ImageObject","inLanguage":"fr-FR","@id":"https:\/\/berndluz.de\/fr\/#\/schema\/person\/image\/","url":"https:\/\/secure.gravatar.com\/avatar\/2343492f6e1e115236da533a1be260045eed1a8b087bd6d0fd3e2db612598b7f?s=96&d=mm&r=g","contentUrl":"https:\/\/secure.gravatar.com\/avatar\/2343492f6e1e115236da533a1be260045eed1a8b087bd6d0fd3e2db612598b7f?s=96&d=mm&r=g","caption":"admin"},"url":"https:\/\/berndluz.de\/fr\/author\/admin\/"}]}},"_links":{"self":[{"href":"https:\/\/berndluz.de\/fr\/wp-json\/wp\/v2\/posts\/8364","targetHints":{"allow":["GET"]}}],"collection":[{"href":"https:\/\/berndluz.de\/fr\/wp-json\/wp\/v2\/posts"}],"about":[{"href":"https:\/\/berndluz.de\/fr\/wp-json\/wp\/v2\/types\/post"}],"author":[{"embeddable":true,"href":"https:\/\/berndluz.de\/fr\/wp-json\/wp\/v2\/users\/1"}],"replies":[{"embeddable":true,"href":"https:\/\/berndluz.de\/fr\/wp-json\/wp\/v2\/comments?post=8364"}],"version-history":[{"count":0,"href":"https:\/\/berndluz.de\/fr\/wp-json\/wp\/v2\/posts\/8364\/revisions"}],"wp:featuredmedia":[{"embeddable":true,"href":"https:\/\/berndluz.de\/fr\/wp-json\/wp\/v2\/media\/13296"}],"wp:attachment":[{"href":"https:\/\/berndluz.de\/fr\/wp-json\/wp\/v2\/media?parent=8364"}],"wp:term":[{"taxonomy":"category","embeddable":true,"href":"https:\/\/berndluz.de\/fr\/wp-json\/wp\/v2\/categories?post=8364"},{"taxonomy":"post_tag","embeddable":true,"href":"https:\/\/berndluz.de\/fr\/wp-json\/wp\/v2\/tags?post=8364"}],"curies":[{"name":"wp","href":"https:\/\/api.w.org\/{rel}","templated":true}]}}