{"id":8595,"date":"2016-06-20T22:48:50","date_gmt":"2016-06-20T20:48:50","guid":{"rendered":"http:\/\/berndluz.de\/en\/versteigerung-eines-werkes-2\/"},"modified":"2020-05-11T14:09:08","modified_gmt":"2020-05-11T12:09:08","slug":"versteigerung-eines-werkes-2","status":"publish","type":"post","link":"https:\/\/berndluz.de\/fr\/versteigerung-eines-werkes-2\/","title":{"rendered":"Versteigerung eines Werkes"},"content":{"rendered":"<div class=\"wpb-content-wrapper\"><p>[vc_row][vc_column width=\u00a0\u00bb1\/2&Prime;][vc_single_image image=\u00a0\u00bb4724&Prime; img_size=\u00a0\u00bbfull\u00a0\u00bb css_animation=\u00a0\u00bbappear\u00a0\u00bb][\/vc_column][vc_column width=\u00a0\u00bb1\/2&Prime;][vc_column_text css_animation=\u00a0\u00bbleft-to-right\u00a0\u00bb]<span id=\"result_box\" class=\"\" lang=\"fr\" tabindex=\"-1\"><span class=\"\">Aux ench\u00e8res<\/span> am\u00e9ricaine d&rsquo;un travail \u00e0 la Clinique universitaire de T\u00fcbingen en faveur <span class=\"\">du Centre de recherche<\/span> de th\u00e9rapie pour les maladies rares (ZSE) dans Weitenburg (Starzach) Schloss. <span class=\"\">Avec<\/span> Horst K\u00f6hler (Pr\u00e9sident <span class=\"\">A.D.<\/span> et femme Eva Luise<span class=\"\">)<\/span><\/span>[\/vc_column_text][\/vc_column][\/vc_row]<\/p>\n<\/div>","protected":false},"excerpt":{"rendered":"<p>[vc_row][vc_column width=\u00a0\u00bb1\/2&Prime;][vc_single_image image=\u00a0\u00bb4724&Prime; img_size=\u00a0\u00bbfull\u00a0\u00bb css_animation=\u00a0\u00bbappear\u00a0\u00bb][\/vc_column][vc_column width=\u00a0\u00bb1\/2&Prime;][vc_column_text css_animation=\u00a0\u00bbleft-to-right\u00a0\u00bb]Aux ench\u00e8res am\u00e9ricaine d&rsquo;un travail \u00e0 la Clinique universitaire de T\u00fcbingen en faveur du Centre de recherche de th\u00e9rapie pour les maladies rares (ZSE) dans Weitenburg (Starzach) Schloss. Avec Horst K\u00f6hler (Pr\u00e9sident A.D. et femme Eva Luise)[\/vc_column_text][\/vc_column][\/vc_row]<\/p>\n","protected":false},"author":1,"featured_media":4730,"comment_status":"open","ping_status":"open","sticky":false,"template":"","format":"standard","meta":{"footnotes":""},"categories":[18],"tags":[],"class_list":["post-8595","post","type-post","status-publish","format-standard","has-post-thumbnail","hentry","category-non-classifiee"],"yoast_head":"<!-- This site is optimized with the Yoast SEO plugin v26.8 - https:\/\/yoast.com\/product\/yoast-seo-wordpress\/ -->\n<title>Versteigerung eines Werkes - Bernd Luz<\/title>\n<meta name=\"robots\" content=\"index, follow, max-snippet:-1, max-image-preview:large, max-video-preview:-1\" \/>\n<link rel=\"canonical\" href=\"https:\/\/berndluz.de\/fr\/versteigerung-eines-werkes-2\/\" \/>\n<meta property=\"og:locale\" content=\"fr_FR\" \/>\n<meta property=\"og:type\" content=\"article\" \/>\n<meta property=\"og:title\" content=\"Versteigerung eines Werkes - Bernd Luz\" \/>\n<meta property=\"og:description\" content=\"[vc_row][vc_column width=\u00a0\u00bb1\/2&Prime;][vc_single_image image=\u00a0\u00bb4724&Prime; img_size=\u00a0\u00bbfull\u00a0\u00bb css_animation=\u00a0\u00bbappear\u00a0\u00bb][\/vc_column][vc_column width=\u00a0\u00bb1\/2&Prime;][vc_column_text css_animation=\u00a0\u00bbleft-to-right\u00a0\u00bb]Aux ench\u00e8res am\u00e9ricaine d&rsquo;un travail \u00e0 la Clinique universitaire de T\u00fcbingen en faveur du Centre de recherche de th\u00e9rapie pour les maladies rares (ZSE) dans Weitenburg (Starzach) Schloss. Avec Horst K\u00f6hler (Pr\u00e9sident A.D. et femme Eva Luise)[\/vc_column_text][\/vc_column][\/vc_row]\" \/>\n<meta property=\"og:url\" content=\"https:\/\/berndluz.de\/fr\/versteigerung-eines-werkes-2\/\" \/>\n<meta property=\"og:site_name\" content=\"Bernd Luz\" \/>\n<meta property=\"article:published_time\" content=\"2016-06-20T20:48:50+00:00\" \/>\n<meta property=\"article:modified_time\" content=\"2020-05-11T12:09:08+00:00\" \/>\n<meta property=\"og:image\" content=\"https:\/\/berndluz.de\/wp-content\/uploads\/2016\/05\/UniT-Koehler-Bernd-2-560px.jpg\" \/>\n\t<meta property=\"og:image:width\" content=\"560\" \/>\n\t<meta property=\"og:image:height\" content=\"370\" \/>\n\t<meta property=\"og:image:type\" content=\"image\/jpeg\" \/>\n<meta name=\"author\" content=\"admin\" \/>\n<meta name=\"twitter:card\" content=\"summary_large_image\" \/>\n<meta name=\"twitter:label1\" content=\"\u00c9crit par\" \/>\n\t<meta name=\"twitter:data1\" content=\"admin\" \/>\n<script type=\"application\/ld+json\" class=\"yoast-schema-graph\">{\"@context\":\"https:\/\/schema.org\",\"@graph\":[{\"@type\":\"Article\",\"@id\":\"https:\/\/berndluz.de\/fr\/versteigerung-eines-werkes-2\/#article\",\"isPartOf\":{\"@id\":\"https:\/\/berndluz.de\/fr\/versteigerung-eines-werkes-2\/\"},\"author\":{\"name\":\"admin\",\"@id\":\"https:\/\/berndluz.de\/fr\/#\/schema\/person\/d56c0577c56cb1ae40425aaf63293cc1\"},\"headline\":\"Versteigerung eines Werkes\",\"datePublished\":\"2016-06-20T20:48:50+00:00\",\"dateModified\":\"2020-05-11T12:09:08+00:00\",\"mainEntityOfPage\":{\"@id\":\"https:\/\/berndluz.de\/fr\/versteigerung-eines-werkes-2\/\"},\"wordCount\":80,\"commentCount\":0,\"image\":{\"@id\":\"https:\/\/berndluz.de\/fr\/versteigerung-eines-werkes-2\/#primaryimage\"},\"thumbnailUrl\":\"https:\/\/berndluz.de\/wp-content\/uploads\/2016\/05\/UniT-Koehler-Bernd-2-560px.jpg\",\"articleSection\":[\"Non classifi\u00e9(e)\"],\"inLanguage\":\"fr-FR\",\"potentialAction\":[{\"@type\":\"CommentAction\",\"name\":\"Comment\",\"target\":[\"https:\/\/berndluz.de\/fr\/versteigerung-eines-werkes-2\/#respond\"]}]},{\"@type\":\"WebPage\",\"@id\":\"https:\/\/berndluz.de\/fr\/versteigerung-eines-werkes-2\/\",\"url\":\"https:\/\/berndluz.de\/fr\/versteigerung-eines-werkes-2\/\",\"name\":\"Versteigerung eines Werkes - Bernd Luz\",\"isPartOf\":{\"@id\":\"https:\/\/berndluz.de\/fr\/#website\"},\"primaryImageOfPage\":{\"@id\":\"https:\/\/berndluz.de\/fr\/versteigerung-eines-werkes-2\/#primaryimage\"},\"image\":{\"@id\":\"https:\/\/berndluz.de\/fr\/versteigerung-eines-werkes-2\/#primaryimage\"},\"thumbnailUrl\":\"https:\/\/berndluz.de\/wp-content\/uploads\/2016\/05\/UniT-Koehler-Bernd-2-560px.jpg\",\"datePublished\":\"2016-06-20T20:48:50+00:00\",\"dateModified\":\"2020-05-11T12:09:08+00:00\",\"author\":{\"@id\":\"https:\/\/berndluz.de\/fr\/#\/schema\/person\/d56c0577c56cb1ae40425aaf63293cc1\"},\"breadcrumb\":{\"@id\":\"https:\/\/berndluz.de\/fr\/versteigerung-eines-werkes-2\/#breadcrumb\"},\"inLanguage\":\"fr-FR\",\"potentialAction\":[{\"@type\":\"ReadAction\",\"target\":[\"https:\/\/berndluz.de\/fr\/versteigerung-eines-werkes-2\/\"]}]},{\"@type\":\"ImageObject\",\"inLanguage\":\"fr-FR\",\"@id\":\"https:\/\/berndluz.de\/fr\/versteigerung-eines-werkes-2\/#primaryimage\",\"url\":\"https:\/\/berndluz.de\/wp-content\/uploads\/2016\/05\/UniT-Koehler-Bernd-2-560px.jpg\",\"contentUrl\":\"https:\/\/berndluz.de\/wp-content\/uploads\/2016\/05\/UniT-Koehler-Bernd-2-560px.jpg\",\"width\":560,\"height\":370},{\"@type\":\"BreadcrumbList\",\"@id\":\"https:\/\/berndluz.de\/fr\/versteigerung-eines-werkes-2\/#breadcrumb\",\"itemListElement\":[{\"@type\":\"ListItem\",\"position\":1,\"name\":\"Startseite\",\"item\":\"https:\/\/berndluz.de\/fr\/\"},{\"@type\":\"ListItem\",\"position\":2,\"name\":\"Versteigerung eines Werkes\"}]},{\"@type\":\"WebSite\",\"@id\":\"https:\/\/berndluz.de\/fr\/#website\",\"url\":\"https:\/\/berndluz.de\/fr\/\",\"name\":\"Bernd Luz\",\"description\":\"Bernd Luz\",\"potentialAction\":[{\"@type\":\"SearchAction\",\"target\":{\"@type\":\"EntryPoint\",\"urlTemplate\":\"https:\/\/berndluz.de\/fr\/?s={search_term_string}\"},\"query-input\":{\"@type\":\"PropertyValueSpecification\",\"valueRequired\":true,\"valueName\":\"search_term_string\"}}],\"inLanguage\":\"fr-FR\"},{\"@type\":\"Person\",\"@id\":\"https:\/\/berndluz.de\/fr\/#\/schema\/person\/d56c0577c56cb1ae40425aaf63293cc1\",\"name\":\"admin\",\"image\":{\"@type\":\"ImageObject\",\"inLanguage\":\"fr-FR\",\"@id\":\"https:\/\/berndluz.de\/fr\/#\/schema\/person\/image\/\",\"url\":\"https:\/\/secure.gravatar.com\/avatar\/2343492f6e1e115236da533a1be260045eed1a8b087bd6d0fd3e2db612598b7f?s=96&d=mm&r=g\",\"contentUrl\":\"https:\/\/secure.gravatar.com\/avatar\/2343492f6e1e115236da533a1be260045eed1a8b087bd6d0fd3e2db612598b7f?s=96&d=mm&r=g\",\"caption\":\"admin\"},\"url\":\"https:\/\/berndluz.de\/fr\/author\/admin\/\"}]}<\/script>\n<!-- \/ Yoast SEO plugin. -->","yoast_head_json":{"title":"Versteigerung eines Werkes - Bernd Luz","robots":{"index":"index","follow":"follow","max-snippet":"max-snippet:-1","max-image-preview":"max-image-preview:large","max-video-preview":"max-video-preview:-1"},"canonical":"https:\/\/berndluz.de\/fr\/versteigerung-eines-werkes-2\/","og_locale":"fr_FR","og_type":"article","og_title":"Versteigerung eines Werkes - Bernd Luz","og_description":"[vc_row][vc_column width=\u00a0\u00bb1\/2&Prime;][vc_single_image image=\u00a0\u00bb4724&Prime; img_size=\u00a0\u00bbfull\u00a0\u00bb css_animation=\u00a0\u00bbappear\u00a0\u00bb][\/vc_column][vc_column width=\u00a0\u00bb1\/2&Prime;][vc_column_text css_animation=\u00a0\u00bbleft-to-right\u00a0\u00bb]Aux ench\u00e8res am\u00e9ricaine d&rsquo;un travail \u00e0 la Clinique universitaire de T\u00fcbingen en faveur du Centre de recherche de th\u00e9rapie pour les maladies rares (ZSE) dans Weitenburg (Starzach) Schloss. Avec Horst K\u00f6hler (Pr\u00e9sident A.D. et femme Eva Luise)[\/vc_column_text][\/vc_column][\/vc_row]","og_url":"https:\/\/berndluz.de\/fr\/versteigerung-eines-werkes-2\/","og_site_name":"Bernd Luz","article_published_time":"2016-06-20T20:48:50+00:00","article_modified_time":"2020-05-11T12:09:08+00:00","og_image":[{"width":560,"height":370,"url":"https:\/\/berndluz.de\/wp-content\/uploads\/2016\/05\/UniT-Koehler-Bernd-2-560px.jpg","type":"image\/jpeg"}],"author":"admin","twitter_card":"summary_large_image","twitter_misc":{"\u00c9crit par":"admin"},"schema":{"@context":"https:\/\/schema.org","@graph":[{"@type":"Article","@id":"https:\/\/berndluz.de\/fr\/versteigerung-eines-werkes-2\/#article","isPartOf":{"@id":"https:\/\/berndluz.de\/fr\/versteigerung-eines-werkes-2\/"},"author":{"name":"admin","@id":"https:\/\/berndluz.de\/fr\/#\/schema\/person\/d56c0577c56cb1ae40425aaf63293cc1"},"headline":"Versteigerung eines Werkes","datePublished":"2016-06-20T20:48:50+00:00","dateModified":"2020-05-11T12:09:08+00:00","mainEntityOfPage":{"@id":"https:\/\/berndluz.de\/fr\/versteigerung-eines-werkes-2\/"},"wordCount":80,"commentCount":0,"image":{"@id":"https:\/\/berndluz.de\/fr\/versteigerung-eines-werkes-2\/#primaryimage"},"thumbnailUrl":"https:\/\/berndluz.de\/wp-content\/uploads\/2016\/05\/UniT-Koehler-Bernd-2-560px.jpg","articleSection":["Non classifi\u00e9(e)"],"inLanguage":"fr-FR","potentialAction":[{"@type":"CommentAction","name":"Comment","target":["https:\/\/berndluz.de\/fr\/versteigerung-eines-werkes-2\/#respond"]}]},{"@type":"WebPage","@id":"https:\/\/berndluz.de\/fr\/versteigerung-eines-werkes-2\/","url":"https:\/\/berndluz.de\/fr\/versteigerung-eines-werkes-2\/","name":"Versteigerung eines Werkes - Bernd Luz","isPartOf":{"@id":"https:\/\/berndluz.de\/fr\/#website"},"primaryImageOfPage":{"@id":"https:\/\/berndluz.de\/fr\/versteigerung-eines-werkes-2\/#primaryimage"},"image":{"@id":"https:\/\/berndluz.de\/fr\/versteigerung-eines-werkes-2\/#primaryimage"},"thumbnailUrl":"https:\/\/berndluz.de\/wp-content\/uploads\/2016\/05\/UniT-Koehler-Bernd-2-560px.jpg","datePublished":"2016-06-20T20:48:50+00:00","dateModified":"2020-05-11T12:09:08+00:00","author":{"@id":"https:\/\/berndluz.de\/fr\/#\/schema\/person\/d56c0577c56cb1ae40425aaf63293cc1"},"breadcrumb":{"@id":"https:\/\/berndluz.de\/fr\/versteigerung-eines-werkes-2\/#breadcrumb"},"inLanguage":"fr-FR","potentialAction":[{"@type":"ReadAction","target":["https:\/\/berndluz.de\/fr\/versteigerung-eines-werkes-2\/"]}]},{"@type":"ImageObject","inLanguage":"fr-FR","@id":"https:\/\/berndluz.de\/fr\/versteigerung-eines-werkes-2\/#primaryimage","url":"https:\/\/berndluz.de\/wp-content\/uploads\/2016\/05\/UniT-Koehler-Bernd-2-560px.jpg","contentUrl":"https:\/\/berndluz.de\/wp-content\/uploads\/2016\/05\/UniT-Koehler-Bernd-2-560px.jpg","width":560,"height":370},{"@type":"BreadcrumbList","@id":"https:\/\/berndluz.de\/fr\/versteigerung-eines-werkes-2\/#breadcrumb","itemListElement":[{"@type":"ListItem","position":1,"name":"Startseite","item":"https:\/\/berndluz.de\/fr\/"},{"@type":"ListItem","position":2,"name":"Versteigerung eines Werkes"}]},{"@type":"WebSite","@id":"https:\/\/berndluz.de\/fr\/#website","url":"https:\/\/berndluz.de\/fr\/","name":"Bernd Luz","description":"Bernd Luz","potentialAction":[{"@type":"SearchAction","target":{"@type":"EntryPoint","urlTemplate":"https:\/\/berndluz.de\/fr\/?s={search_term_string}"},"query-input":{"@type":"PropertyValueSpecification","valueRequired":true,"valueName":"search_term_string"}}],"inLanguage":"fr-FR"},{"@type":"Person","@id":"https:\/\/berndluz.de\/fr\/#\/schema\/person\/d56c0577c56cb1ae40425aaf63293cc1","name":"admin","image":{"@type":"ImageObject","inLanguage":"fr-FR","@id":"https:\/\/berndluz.de\/fr\/#\/schema\/person\/image\/","url":"https:\/\/secure.gravatar.com\/avatar\/2343492f6e1e115236da533a1be260045eed1a8b087bd6d0fd3e2db612598b7f?s=96&d=mm&r=g","contentUrl":"https:\/\/secure.gravatar.com\/avatar\/2343492f6e1e115236da533a1be260045eed1a8b087bd6d0fd3e2db612598b7f?s=96&d=mm&r=g","caption":"admin"},"url":"https:\/\/berndluz.de\/fr\/author\/admin\/"}]}},"_links":{"self":[{"href":"https:\/\/berndluz.de\/fr\/wp-json\/wp\/v2\/posts\/8595","targetHints":{"allow":["GET"]}}],"collection":[{"href":"https:\/\/berndluz.de\/fr\/wp-json\/wp\/v2\/posts"}],"about":[{"href":"https:\/\/berndluz.de\/fr\/wp-json\/wp\/v2\/types\/post"}],"author":[{"embeddable":true,"href":"https:\/\/berndluz.de\/fr\/wp-json\/wp\/v2\/users\/1"}],"replies":[{"embeddable":true,"href":"https:\/\/berndluz.de\/fr\/wp-json\/wp\/v2\/comments?post=8595"}],"version-history":[{"count":1,"href":"https:\/\/berndluz.de\/fr\/wp-json\/wp\/v2\/posts\/8595\/revisions"}],"predecessor-version":[{"id":20751,"href":"https:\/\/berndluz.de\/fr\/wp-json\/wp\/v2\/posts\/8595\/revisions\/20751"}],"wp:featuredmedia":[{"embeddable":true,"href":"https:\/\/berndluz.de\/fr\/wp-json\/wp\/v2\/media\/4730"}],"wp:attachment":[{"href":"https:\/\/berndluz.de\/fr\/wp-json\/wp\/v2\/media?parent=8595"}],"wp:term":[{"taxonomy":"category","embeddable":true,"href":"https:\/\/berndluz.de\/fr\/wp-json\/wp\/v2\/categories?post=8595"},{"taxonomy":"post_tag","embeddable":true,"href":"https:\/\/berndluz.de\/fr\/wp-json\/wp\/v2\/tags?post=8595"}],"curies":[{"name":"wp","href":"https:\/\/api.w.org\/{rel}","templated":true}]}}